{"id":10902,"date":"2022-12-19T08:50:51","date_gmt":"2022-12-19T07:50:51","guid":{"rendered":"https:\/\/www.distritok.com\/blog\/?p=10902"},"modified":"2025-04-21T14:44:27","modified_gmt":"2025-04-21T12:44:27","slug":"ley-crea-y-crece-factura-electronica-entre-empresas","status":"publish","type":"post","link":"https:\/\/www.distritok.com\/blog\/ley-crea-y-crece-factura-electronica-entre-empresas\/","title":{"rendered":"Ley Crea y Crece: \u00bfFactura electr\u00f3nica entre empresas?"},"content":{"rendered":"\n<blockquote class=\"wp-block-quote is-style-large\"><p><a href=\"https:\/\/www.distritok.com\/blog\/que-es-la-ley-crea-y-crece\/\">Como ya hemos comentado en este blog<\/a>, la Ley \u00abCrea y Crece\u00bb (Ley 18\/2022, de 28 de septiembre) es una de las principales reformas del Plan de Recuperaci\u00f3n, Transformaci\u00f3n y Resiliencia, dirigida a fomentar el dinamismo del tejido productivo y dar respuesta a las demandas y recomendaciones de los diferentes organismos internacionales, y regular diversos aspectos relacionados con las empresas.<\/p><\/blockquote>\n\n\n\n<figure class=\"wp-block-audio\"><audio controls src=\"https:\/\/www.distritok.com\/blog\/wp-content\/uploads\/2022\/12\/Como-ya-hemos-comentado-en-est1670229208.mp3\"><\/audio><\/figure>\n\n\n\n<p>Se divide en 4 categor\u00edas:<\/p>\n\n\n\n<ul><li>Crear una empresa ser\u00e1 m\u00e1s f\u00e1cil y m\u00e1s r\u00e1pido<\/li><li>Medidas para favorecer el crecimiento de las empresas<\/li><li>Medidas para luchar contra la morosidad<\/li><li>Refuerzo de la financiaci\u00f3n<\/li><\/ul>\n\n\n\n<p><strong>\u00bfAfecta a la factura electr\u00f3nica?<\/strong><\/p>\n\n\n\n<p>Dentro de esta ley se hace especial menci\u00f3n a la gesti\u00f3n de la factura\nelectr\u00f3nica entre empresas. Obligaci\u00f3n de expedir y remitir facturas\nelectr\u00f3nicas a todos los empresarios y profesionales en sus relaciones\ncomerciales.<\/p>\n\n\n\n<p><strong>La promoci\u00f3n del uso de la factura electr\u00f3nica en operaciones entre empresarios y profesionales es una medida para digitalizar las relaciones empresariales, reducir costes de transacci\u00f3n y facilitar la transparencia en el tr\u00e1fico mercantil<\/strong>. Se trata adem\u00e1s de una medida clave para poder atajar de manera eficaz la morosidad en las operaciones comerciales. La primera condici\u00f3n para lograrlo es contar con informaci\u00f3n fiable sobre los plazos de pago efectivos. Junto a esta medida se incorporan incentivos para el cumplimiento de los plazos de pago, incluy\u00e9ndose como requisito de acceso a subvenciones o a trav\u00e9s del establecimiento de una condici\u00f3n penalizable en el \u00e1mbito de la Ley de Contratos del Sector P\u00fablico.<\/p>\n\n\n\n<p>Se promueve el uso de la factura electr\u00f3nica en operaciones entre empresas y aut\u00f3nomos como medida de digitalizaci\u00f3n empresarial y como mecanismo, tambi\u00e9n, de lucha contra la morosidad en las operaciones comerciales.<\/p>\n\n\n\n<div class=\"wp-block-image\"><figure class=\"aligncenter\"><img loading=\"lazy\" decoding=\"async\" width=\"600\" height=\"620\" src=\"https:\/\/www.distritok.com\/blog\/wp-content\/uploads\/2022\/11\/factura-normal-simplificada-img-01.jpg\" alt=\"\" class=\"wp-image-10630\" srcset=\"https:\/\/www.distritok.com\/blog\/wp-content\/uploads\/2022\/11\/factura-normal-simplificada-img-01.jpg 600w, https:\/\/www.distritok.com\/blog\/wp-content\/uploads\/2022\/11\/factura-normal-simplificada-img-01-290x300.jpg 290w\" sizes=\"(max-width: 600px) 100vw, 600px\" \/><figcaption>Ejemplo de formato de factura<\/figcaption><\/figure><\/div>\n\n\n\n<p><strong>Como medida fundamental, la ley impulsa la adopci\u00f3n de la factura electr\u00f3nica<\/strong>, modificando la normativa actual y ampliando la obligaci\u00f3n de expedir y remitir facturas electr\u00f3nicas a todas las empresas y aut\u00f3nomos en sus relaciones comerciales, lo que garantizar\u00e1 una mayor trazabilidad y control de pagos entre ellas. Esta medida permitir\u00e1 obtener informaci\u00f3n fiable y \u00e1gil para conocer los plazos efectivos de pago, requisito indispensable para poder reducir la morosidad de manera eficaz.<\/p>\n\n\n\n<p>La implantaci\u00f3n efectiva de la factura electr\u00f3nica se facilitar\u00e1 con los recursos previstos para la digitalizaci\u00f3n de las pymes en el Plan de Recuperaci\u00f3n.<\/p>\n\n\n\n<div class=\"wp-block-image\"><figure class=\"aligncenter\"><img loading=\"lazy\" decoding=\"async\" width=\"600\" height=\"185\" src=\"https:\/\/www.distritok.com\/blog\/wp-content\/uploads\/2022\/12\/img-crea-crece.jpg\" alt=\"\" class=\"wp-image-10904\" srcset=\"https:\/\/www.distritok.com\/blog\/wp-content\/uploads\/2022\/12\/img-crea-crece.jpg 600w, https:\/\/www.distritok.com\/blog\/wp-content\/uploads\/2022\/12\/img-crea-crece-300x93.jpg 300w\" sizes=\"(max-width: 600px) 100vw, 600px\" \/><figcaption>Plan re Recuperaci\u00f3n, Transformaci\u00f3n y Resiliencia<\/figcaption><\/figure><\/div>\n\n\n\n<p><strong>\u00bfA qui\u00e9n y c\u00f3mo afecta?<\/strong><\/p>\n\n\n\n<p>La presente ley entrar\u00e1 en vigor a los veinte d\u00edas de su publicaci\u00f3n\nen el \u00abBolet\u00edn Oficial del Estado\u00bb, relativo a la facturaci\u00f3n electr\u00f3nica entre\nempresarios y profesionales, que producir\u00e1 efectos:<\/p>\n\n\n\n<ul><li><strong>Para los empresarios y profesionales cuya facturaci\u00f3n anual sea superior a ocho millones de euros<\/strong>, al a\u00f1o de aprobarse el desarrollo reglamentario.<\/li><li><strong>Para el resto de los empresarios y profesionales<\/strong>, este art\u00edculo producir\u00e1 efectos a los dos a\u00f1os de aprobarse el desarrollo reglamentario.<\/li><\/ul>\n\n\n\n<p>La entrada en vigor del art\u00edculo 12 est\u00e1 supeditada a la obtenci\u00f3n de\nla excepci\u00f3n comunitaria a los art\u00edculos 218 y 232 de la Directiva 2006\/112\/CE\ndel Consejo, de 28 de noviembre de 2006, relativa al sistema com\u00fan del impuesto\nsobre el valor a\u00f1adido.<\/p>\n\n\n\n<p>El plazo para aprobar estos desarrollos reglamentarios ser\u00e1 de seis meses a contar desde la publicaci\u00f3n en el BOE de la presente ley.<\/p>\n\n\n\n<figure class=\"wp-block-audio\"><audio controls src=\"https:\/\/www.distritok.com\/blog\/wp-content\/uploads\/2022\/12\/Se-divide-en-4-categor\u00edasCrea1670229307.mp3\"><\/audio><\/figure>\n","protected":false},"excerpt":{"rendered":"<p>Como ya hemos comentado en este blog, la Ley \u00abCrea y Crece\u00bb (Ley 18\/2022, de 28 de septiembre) es una de las principales reformas del Plan de Recuperaci\u00f3n, Transformaci\u00f3n y Resiliencia, dirigida a fomentar el dinamismo del tejido productivo y dar respuesta a las demandas y recomendaciones de los diferentes organismos internacionales, y regular diversos &hellip;<\/p>\n<p class=\"read-more\"> <a class=\"\" href=\"https:\/\/www.distritok.com\/blog\/ley-crea-y-crece-factura-electronica-entre-empresas\/\"> <span class=\"screen-reader-text\">Ley Crea y Crece: \u00bfFactura electr\u00f3nica entre empresas?<\/span> Leer m\u00e1s &raquo;<\/a><\/p>\n","protected":false},"author":1,"featured_media":10903,"comment_status":"closed","ping_status":"closed","sticky":false,"template":"","format":"standard","meta":{"footnotes":""},"categories":[523],"tags":[55,918],"aioseo_notices":[],"_links":{"self":[{"href":"https:\/\/www.distritok.com\/blog\/wp-json\/wp\/v2\/posts\/10902"}],"collection":[{"href":"https:\/\/www.distritok.com\/blog\/wp-json\/wp\/v2\/posts"}],"about":[{"href":"https:\/\/www.distritok.com\/blog\/wp-json\/wp\/v2\/types\/post"}],"author":[{"embeddable":true,"href":"https:\/\/www.distritok.com\/blog\/wp-json\/wp\/v2\/users\/1"}],"replies":[{"embeddable":true,"href":"https:\/\/www.distritok.com\/blog\/wp-json\/wp\/v2\/comments?post=10902"}],"version-history":[{"count":2,"href":"https:\/\/www.distritok.com\/blog\/wp-json\/wp\/v2\/posts\/10902\/revisions"}],"predecessor-version":[{"id":10928,"href":"https:\/\/www.distritok.com\/blog\/wp-json\/wp\/v2\/posts\/10902\/revisions\/10928"}],"wp:featuredmedia":[{"embeddable":true,"href":"https:\/\/www.distritok.com\/blog\/wp-json\/wp\/v2\/media\/10903"}],"wp:attachment":[{"href":"https:\/\/www.distritok.com\/blog\/wp-json\/wp\/v2\/media?parent=10902"}],"wp:term":[{"taxonomy":"category","embeddable":true,"href":"https:\/\/www.distritok.com\/blog\/wp-json\/wp\/v2\/categories?post=10902"},{"taxonomy":"post_tag","embeddable":true,"href":"https:\/\/www.distritok.com\/blog\/wp-json\/wp\/v2\/tags?post=10902"}],"curies":[{"name":"wp","href":"https:\/\/api.w.org\/{rel}","templated":true}]}}