{"id":10999,"date":"2022-12-23T08:50:58","date_gmt":"2022-12-23T07:50:58","guid":{"rendered":"https:\/\/www.distritok.com\/blog\/?p=10999"},"modified":"2022-12-14T10:18:02","modified_gmt":"2022-12-14T09:18:02","slug":"que-impuestos-se-presentan-desde-diciembre-de-2022-hasta-el-2-de-enero-de-2023","status":"publish","type":"post","link":"https:\/\/www.distritok.com\/blog\/que-impuestos-se-presentan-desde-diciembre-de-2022-hasta-el-2-de-enero-de-2023\/","title":{"rendered":"\u00bfQu\u00e9 impuestos se presentan desde diciembre de 2022 hasta el 2 de enero de 2023?"},"content":{"rendered":"\n<blockquote class=\"wp-block-quote is-style-large\"><p>Con el cierre de a\u00f1o queremos actualizar cu\u00e1les son las obligaciones fiscales de cara a los \u00faltimos d\u00edas del a\u00f1o y comienzos de 2023.<\/p><\/blockquote>\n\n\n\n<figure class=\"wp-block-audio\"><audio controls src=\"https:\/\/www.distritok.com\/blog\/wp-content\/uploads\/2022\/12\/Con-el-cierre-de-a\u00f1o-queremos-1671008682.mp3\"><\/audio><\/figure>\n\n\n\n<p>Como cada mes, trimestre y semestre, el calendario laboral tiene una serie de obligaciones fiscales a presentar:<\/p>\n\n\n\n<div class=\"wp-block-image\"><figure class=\"aligncenter\"><img loading=\"lazy\" decoding=\"async\" width=\"600\" height=\"306\" src=\"https:\/\/www.distritok.com\/blog\/wp-content\/uploads\/2022\/10\/fiscalidad-img.jpg\" alt=\"Modelos fiscales\" class=\"wp-image-10507\" srcset=\"https:\/\/www.distritok.com\/blog\/wp-content\/uploads\/2022\/10\/fiscalidad-img.jpg 600w, https:\/\/www.distritok.com\/blog\/wp-content\/uploads\/2022\/10\/fiscalidad-img-300x153.jpg 300w\" sizes=\"(max-width: 600px) 100vw, 600px\" \/><figcaption>Modelos fiscales<\/figcaption><\/figure><\/div>\n\n\n\n<p><strong>Hasta el 20 de diciembre<\/strong><\/p>\n\n\n\n<p>Renta y Sociedades<\/p>\n\n\n\n<p>Retenciones e ingresos a cuenta de\nrendimientos del trabajo, actividades econ\u00f3micas, premios y determinadas\nganancias patrimoniales e imputaciones de renta, ganancias derivadas de\nacciones y participaciones de las instituciones de inversi\u00f3n colectiva, rentas\nde arrendamiento de inmuebles urbanos, capital mobiliario, personas autorizadas\ny saldos en cuentas.<\/p>\n\n\n\n<ul><li>Noviembre 2022. Grandes empresas: 111, 115, 117, 123, 124, 126, 128, 216, 230 <\/li><\/ul>\n\n\n\n<p>Pagos fraccionados sociedades y establecimientos\npermanentes de no residentes<\/p>\n\n\n\n<p>&nbsp;&nbsp;&nbsp;\nEjercicio en curso:<\/p>\n\n\n\n<ul><li> R\u00e9gimen general: 202<\/li><li>R\u00e9gimen de consolidaci\u00f3n fiscal (grupos fiscales): 222 <\/li><\/ul>\n\n\n\n<p>IVA<\/p>\n\n\n\n<ul><li>Noviembre 2022. Declaraci\u00f3n recapitulativa de operaciones intracomunitarias: 349<\/li><li>Noviembre 2022. Operaciones asimiladas a las importaciones: 380 <\/li><\/ul>\n\n\n\n<p>Impuesto sobre las primas de seguros<\/p>\n\n\n\n<ul><li>Noviembre 2022: 430 <\/li><\/ul>\n\n\n\n<p>Impuestos especiales de fabricaci\u00f3n<\/p>\n\n\n\n<ul><li>Septiembre 2022. Grandes empresas: 561, 562, 563<\/li><li>Noviembre 2022: 548, 566, 581<\/li><li>Declaraci\u00f3n de operaciones por los destinatarios registrados, representantes fiscales y receptores autorizados: 510\u00a0 <\/li><\/ul>\n\n\n\n<p>Impuesto especial sobre la electricidad<\/p>\n\n\n\n<ul><li>Noviembre 2022. Grandes empresas: 560\u00a0 <\/li><\/ul>\n\n\n\n<p>Impuestos medioambientales<\/p>\n\n\n\n<ul><li>Pago fraccionado: 584<\/li><li>A\u00f1o 2021. Declaraci\u00f3n informativa anual operaciones con contribuyentes: 591 <\/li><\/ul>\n\n\n\n<p>Impuesto sobre las transacciones financieras<\/p>\n\n\n\n<ul><li>Noviembre 2022: 604 <\/li><\/ul>\n\n\n\n<p><strong>Hasta el 30 de diciembre<\/strong><\/p>\n\n\n\n<p>IVA<\/p>\n\n\n\n<ul><li>Noviembre 2022. Autoliquidaci\u00f3n: 303<\/li><li>Noviembre 2022. Grupo de entidades, modelo individual: 322<\/li><li>Noviembre 2022. Grupo de entidades, modelo agregado: 353 <\/li><\/ul>\n\n\n\n<p>Durante todo el mes<\/p>\n\n\n\n<p><strong>Hasta el 31 de diciembre<\/strong><\/p>\n\n\n\n<p>Noviembre 2022. Ventanilla \u00fanica &#8211; R\u00e9gimen de\nimportaci\u00f3n: 369<\/p>\n\n\n\n<p>Los plazos de vencimiento de este modelo no se\nver\u00e1n ampliados cuando el \u00faltimo d\u00eda del plazo sea inh\u00e1bil,<\/p>\n\n\n\n<p><strong>Hasta el 2 de enero de 2023<\/strong><\/p>\n\n\n\n<p>RENTA<\/p>\n\n\n\n<ul><li>Renuncia o revocaci\u00f3n estimaci\u00f3n directa simplificada y estimaci\u00f3n objetiva para 2023 y sucesivos: 036\/037 <\/li><\/ul>\n\n\n\n<p>IVA<\/p>\n\n\n\n<ul><li>Noviembre 2022. Ventanilla \u00fanica &#8211; R\u00e9gimen de importaci\u00f3n: 369<\/li><li>Renuncia o revocaci\u00f3n reg\u00edmenes simplificado y agricultura, ganader\u00eda y pesca para 2023 y sucesivos: 036\/037<\/li><li>Opci\u00f3n o revocaci\u00f3n por la determinaci\u00f3n de la base imponible mediante el margen de beneficio global en el r\u00e9gimen especial de los bienes usados, objetos de arte, antig\u00fcedades y objetos de colecci\u00f3n para 2023 y sucesivos: 036<\/li><li>Opci\u00f3n tributaci\u00f3n en destino ventas a distancia a otros pa\u00edses de la Uni\u00f3n Europea para 2023 y 2024: 036<\/li><li>Renuncia r\u00e9gimen de deducci\u00f3n com\u00fan para sectores diferenciados para 2023: sin modelo<\/li><li>Comunicaci\u00f3n de alta en el r\u00e9gimen especial del grupo de entidades: 039<\/li><li>Opci\u00f3n o renuncia por la modalidad avanzada del r\u00e9gimen especial del grupo de entidades: 039<\/li><li>Comunicaci\u00f3n anual relativa al r\u00e9gimen especial del grupo de entidades: 039<\/li><li>Opci\u00f3n por el r\u00e9gimen especial del criterio de caja para 2023: 036\/037<\/li><li>Renuncia al r\u00e9gimen especial del criterio de caja para 2023, 2024 y 2025: 036\/037 \u00a0<\/li><\/ul>\n\n\n\n<figure class=\"wp-block-audio\"><audio controls src=\"https:\/\/www.distritok.com\/blog\/wp-content\/uploads\/2022\/12\/Como-cada-mestrimestre-y-semes1671008753.mp3\"><\/audio><\/figure>\n","protected":false},"excerpt":{"rendered":"<p>Con el cierre de a\u00f1o queremos actualizar cu\u00e1les son las obligaciones fiscales de cara a los \u00faltimos d\u00edas del a\u00f1o y comienzos de 2023. Como cada mes, trimestre y semestre, el calendario laboral tiene una serie de obligaciones fiscales a presentar: Hasta el 20 de diciembre Renta y Sociedades Retenciones e ingresos a cuenta de &hellip;<\/p>\n<p class=\"read-more\"> <a class=\"\" href=\"https:\/\/www.distritok.com\/blog\/que-impuestos-se-presentan-desde-diciembre-de-2022-hasta-el-2-de-enero-de-2023\/\"> <span class=\"screen-reader-text\">\u00bfQu\u00e9 impuestos se presentan desde diciembre de 2022 hasta el 2 de enero de 2023?<\/span> Leer m\u00e1s &raquo;<\/a><\/p>\n","protected":false},"author":1,"featured_media":11000,"comment_status":"closed","ping_status":"closed","sticky":false,"template":"","format":"standard","meta":{"footnotes":""},"categories":[523],"tags":[330,760],"aioseo_notices":[],"_links":{"self":[{"href":"https:\/\/www.distritok.com\/blog\/wp-json\/wp\/v2\/posts\/10999"}],"collection":[{"href":"https:\/\/www.distritok.com\/blog\/wp-json\/wp\/v2\/posts"}],"about":[{"href":"https:\/\/www.distritok.com\/blog\/wp-json\/wp\/v2\/types\/post"}],"author":[{"embeddable":true,"href":"https:\/\/www.distritok.com\/blog\/wp-json\/wp\/v2\/users\/1"}],"replies":[{"embeddable":true,"href":"https:\/\/www.distritok.com\/blog\/wp-json\/wp\/v2\/comments?post=10999"}],"version-history":[{"count":1,"href":"https:\/\/www.distritok.com\/blog\/wp-json\/wp\/v2\/posts\/10999\/revisions"}],"predecessor-version":[{"id":11003,"href":"https:\/\/www.distritok.com\/blog\/wp-json\/wp\/v2\/posts\/10999\/revisions\/11003"}],"wp:featuredmedia":[{"embeddable":true,"href":"https:\/\/www.distritok.com\/blog\/wp-json\/wp\/v2\/media\/11000"}],"wp:attachment":[{"href":"https:\/\/www.distritok.com\/blog\/wp-json\/wp\/v2\/media?parent=10999"}],"wp:term":[{"taxonomy":"category","embeddable":true,"href":"https:\/\/www.distritok.com\/blog\/wp-json\/wp\/v2\/categories?post=10999"},{"taxonomy":"post_tag","embeddable":true,"href":"https:\/\/www.distritok.com\/blog\/wp-json\/wp\/v2\/tags?post=10999"}],"curies":[{"name":"wp","href":"https:\/\/api.w.org\/{rel}","templated":true}]}}