{"id":11270,"date":"2023-02-03T10:24:27","date_gmt":"2023-02-03T09:24:27","guid":{"rendered":"https:\/\/www.distritok.com\/blog\/?p=11270"},"modified":"2023-02-03T10:24:30","modified_gmt":"2023-02-03T09:24:30","slug":"que-es-y-en-que-consiste-retech","status":"publish","type":"post","link":"https:\/\/www.distritok.com\/blog\/que-es-y-en-que-consiste-retech\/","title":{"rendered":"\u00bfQu\u00e9 es y en qu\u00e9 consiste RETECH?"},"content":{"rendered":"\n<blockquote class=\"wp-block-quote is-style-large\"><p>Desde el sitio web <a href=\"https:\/\/espanadigital.gob.es\/\">espanadigital.gob.es<\/a>, hemos podido informarnos de qu\u00e9 es y en qu\u00e9 consiste el proyecto RETECH. La iniciativa RETECH (Redes Territoriales de Especializaci\u00f3n Tecnol\u00f3gica) se basa en la articulaci\u00f3n de diversos proyectos regionales orientados a la transformaci\u00f3n y especializaci\u00f3n digital, asegurando la coordinaci\u00f3n, la colaboraci\u00f3n y la complementariedad.<\/p><\/blockquote>\n\n\n\n<figure class=\"wp-block-audio\"><audio controls src=\"https:\/\/www.distritok.com\/blog\/wp-content\/uploads\/2023\/02\/Desde-el-sitio-web-espanadigit1673604978.mp3\"><\/audio><\/figure>\n\n\n\n<p>RETECH se alinea con dos de los principales objetivos espec\u00edficos de la agenda Espa\u00f1a Digital:<\/p>\n\n\n\n<ul><li>Liderar el cambio disruptivo de manera inclusiva y sostenible.<\/li><li>Focalizar los esfuerzos de digitalizaci\u00f3n en sectores econ\u00f3micos clave.<\/li><\/ul>\n\n\n\n<p>Se trata, por tanto, de una iniciativa emblem\u00e1tica que\npermitir\u00e1 apoyar proyectos tractores fomentando el intercambio de conocimiento\ny multiplicando las oportunidades de cada regi\u00f3n, a trav\u00e9s de redes nacionales\nque permitan maximizar el equilibrio territorial y la cohesi\u00f3n social.<\/p>\n\n\n\n<p><strong>RETECH fomentar\u00e1 as\u00ed el liderazgo y la cooperaci\u00f3n interregional en el impulso de proyectos tractores de alto impacto territorial y econ\u00f3mico<\/strong>. Para garantizar estas sinergias, ser\u00e1 necesaria financiaci\u00f3n adicional de la Administraci\u00f3n General del Estado y las administraciones territoriales, siendo posible la participaci\u00f3n de universidades, centros de investigaci\u00f3n, empresas y redes empresariales, tercer sector, etc.<\/p>\n\n\n\n<div class=\"wp-block-image\"><figure class=\"aligncenter\"><img loading=\"lazy\" decoding=\"async\" width=\"600\" height=\"400\" src=\"https:\/\/www.distritok.com\/blog\/wp-content\/uploads\/2023\/02\/img-retech.png\" alt=\"\" class=\"wp-image-11274\" srcset=\"https:\/\/www.distritok.com\/blog\/wp-content\/uploads\/2023\/02\/img-retech.png 600w, https:\/\/www.distritok.com\/blog\/wp-content\/uploads\/2023\/02\/img-retech-300x200.png 300w\" sizes=\"(max-width: 600px) 100vw, 600px\" \/><\/figure><\/div>\n\n\n\n<p>Esta visi\u00f3n incluye una doble oportunidad a nivel nacional:<\/p>\n\n\n\n<ul><li>Generar o potenciar iniciativas de car\u00e1cter disruptivo basadas en distintas visiones, experiencias y conocimiento adquirido por las administraciones regionales, movilizando sus propias redes territoriales de conocimiento y colaboraci\u00f3n.<\/li><li>Impulsar efectos tractores en el conjunto del territorio para transitar hacia nuevos modelos de desarrollo m\u00e1s sostenibles e integradores, incrementando el potencial econ\u00f3mico, social y ambiental de cada regi\u00f3n.<\/li><\/ul>\n\n\n\n<p>Para asegurar que RETECH tiene el m\u00e1ximo impacto, <strong>esta iniciativa aprovechar\u00e1 los instrumentos de inversi\u00f3n existentes en el Plan de Recuperaci\u00f3n<\/strong> y en su futura agenda, asegurando que los proyectos de digitalizaci\u00f3n financiados con los fondos del plan cumplan con los hitos y objetivos comprometidos en el mismo.<\/p>\n\n\n\n<p>Los proyectos que formar\u00e1n parte de RETECH pertenecen a\ndistintos \u00e1mbitos de actuaci\u00f3n de car\u00e1cter estrat\u00e9gico, basados tanto en las\nprioridades establecidas en el propio Plan de Recuperaci\u00f3n, como en los\nintereses, demandas y potencialidades expresados por los territorios.<\/p>\n\n\n\n<p>A mediados de diciembre el Gobierno aprob\u00f3 los 11 primeros\nproyectos, de los cuales varios de ellos est\u00e1n dedicados a inteligencia\nartificial, emprendimiento digital y tecnolog\u00eda con impacto social y\nciberseguridad.<\/p>\n\n\n\n<p>El Gobierno prev\u00e9 una inversi\u00f3n inicial de aproximadamente 500 millones de euros para este programa en el periodo 2022-2023.\u00a0<\/p>\n\n\n\n<figure class=\"wp-block-audio\"><audio controls src=\"https:\/\/www.distritok.com\/blog\/wp-content\/uploads\/2023\/02\/RETECH-se-alinea-con-dos-de-lo1673605188.mp3\"><\/audio><\/figure>\n","protected":false},"excerpt":{"rendered":"<p>Desde el sitio web espanadigital.gob.es, hemos podido informarnos de qu\u00e9 es y en qu\u00e9 consiste el proyecto RETECH. La iniciativa RETECH (Redes Territoriales de Especializaci\u00f3n Tecnol\u00f3gica) se basa en la articulaci\u00f3n de diversos proyectos regionales orientados a la transformaci\u00f3n y especializaci\u00f3n digital, asegurando la coordinaci\u00f3n, la colaboraci\u00f3n y la complementariedad. RETECH se alinea con dos &hellip;<\/p>\n<p class=\"read-more\"> <a class=\"\" href=\"https:\/\/www.distritok.com\/blog\/que-es-y-en-que-consiste-retech\/\"> <span class=\"screen-reader-text\">\u00bfQu\u00e9 es y en qu\u00e9 consiste RETECH?<\/span> Leer m\u00e1s &raquo;<\/a><\/p>\n","protected":false},"author":1,"featured_media":11271,"comment_status":"closed","ping_status":"closed","sticky":false,"template":"","format":"standard","meta":{"footnotes":""},"categories":[523],"tags":[36],"aioseo_notices":[],"_links":{"self":[{"href":"https:\/\/www.distritok.com\/blog\/wp-json\/wp\/v2\/posts\/11270"}],"collection":[{"href":"https:\/\/www.distritok.com\/blog\/wp-json\/wp\/v2\/posts"}],"about":[{"href":"https:\/\/www.distritok.com\/blog\/wp-json\/wp\/v2\/types\/post"}],"author":[{"embeddable":true,"href":"https:\/\/www.distritok.com\/blog\/wp-json\/wp\/v2\/users\/1"}],"replies":[{"embeddable":true,"href":"https:\/\/www.distritok.com\/blog\/wp-json\/wp\/v2\/comments?post=11270"}],"version-history":[{"count":1,"href":"https:\/\/www.distritok.com\/blog\/wp-json\/wp\/v2\/posts\/11270\/revisions"}],"predecessor-version":[{"id":11275,"href":"https:\/\/www.distritok.com\/blog\/wp-json\/wp\/v2\/posts\/11270\/revisions\/11275"}],"wp:featuredmedia":[{"embeddable":true,"href":"https:\/\/www.distritok.com\/blog\/wp-json\/wp\/v2\/media\/11271"}],"wp:attachment":[{"href":"https:\/\/www.distritok.com\/blog\/wp-json\/wp\/v2\/media?parent=11270"}],"wp:term":[{"taxonomy":"category","embeddable":true,"href":"https:\/\/www.distritok.com\/blog\/wp-json\/wp\/v2\/categories?post=11270"},{"taxonomy":"post_tag","embeddable":true,"href":"https:\/\/www.distritok.com\/blog\/wp-json\/wp\/v2\/tags?post=11270"}],"curies":[{"name":"wp","href":"https:\/\/api.w.org\/{rel}","templated":true}]}}