{"id":11281,"date":"2023-02-07T09:16:37","date_gmt":"2023-02-07T08:16:37","guid":{"rendered":"https:\/\/www.distritok.com\/blog\/?p=11281"},"modified":"2023-02-07T09:16:39","modified_gmt":"2023-02-07T08:16:39","slug":"integracion-con-grupo-nestle","status":"publish","type":"post","link":"https:\/\/www.distritok.com\/blog\/integracion-con-grupo-nestle\/","title":{"rendered":"Integraci\u00f3n con Grupo Nestl\u00e9"},"content":{"rendered":"\n<blockquote class=\"wp-block-quote is-style-large\"><p>Henri Nestl\u00e9 naci\u00f3 en la ciudad alemana de Frankfurt el 10 de agosto de 1814. Con 29 a\u00f1os se traslad\u00f3 a Suiza y se instal\u00f3 como comerciante en la peque\u00f1a localidad de Vevey. Emprendedor y apasionado por la investigaci\u00f3n, Henri Nestl\u00e9 comenz\u00f3 a preocuparse por elaborar un producto alimenticio que ayudase a combatir la alt\u00edsima mortalidad infantil de la \u00e9poca. <\/p><\/blockquote>\n\n\n\n<figure class=\"wp-block-audio\"><audio controls src=\"https:\/\/www.distritok.com\/blog\/wp-content\/uploads\/2023\/02\/Henri-Nestl\u00e9-naci\u00f3-en-la-ciuda1673606262.mp3\"><\/audio><\/figure>\n\n\n\n<p>Despu\u00e9s de muchas pruebas, hacia 1866 consigui\u00f3 una f\u00f3rmula compuesta de leche, az\u00facar y harina de trigo, a la que bautiz\u00f3 como Harina Alimenticia primero y despu\u00e9s como Harina Lacteada.<\/p>\n\n\n\n<p>El \u00e9xito fue pr\u00e1cticamente inmediato y en 1868 se lanzaba a\nconquistar el mercado internacional. El 8 de marzo de 1875 vendi\u00f3 la empresa a\nempresarios de Vevey: Jules Monnerat, Pierre-Samuel Roussy y Gustave Marquis.<\/p>\n\n\n\n<p>En 1905 en una fusi\u00f3n comercial dio origen a la Nestl\u00e9 &amp; Anglo Swiss Condensed Milk Co. Nestl\u00e9 aport\u00f3 nueve centros de producci\u00f3n, cuatro en Suiza y cinco en el extranjero, incluyendo la f\u00e1brica de La Penilla, en Espa\u00f1a.<\/p>\n\n\n\n<div class=\"wp-block-image\"><figure class=\"aligncenter\"><img loading=\"lazy\" decoding=\"async\" width=\"600\" height=\"302\" src=\"https:\/\/www.distritok.com\/blog\/wp-content\/uploads\/2023\/02\/img-nestle.jpg\" alt=\"\" class=\"wp-image-11286\" srcset=\"https:\/\/www.distritok.com\/blog\/wp-content\/uploads\/2023\/02\/img-nestle.jpg 600w, https:\/\/www.distritok.com\/blog\/wp-content\/uploads\/2023\/02\/img-nestle-300x151.jpg 300w\" sizes=\"(max-width: 600px) 100vw, 600px\" \/><figcaption>Productos Nestl\u00e9<\/figcaption><\/figure><\/div>\n\n\n\n<p>Las soluciones de Distrito K, cuentan con m\u00faltiples procesos\nque permiten a nuestros clientes poder trabajar con cadenas de compra, grandes\nsuperficies o diferentes proveedores, gracias a los procesos de importaci\u00f3n y\nexportaci\u00f3n que nuestras soluciones incluyen.<\/p>\n\n\n\n<p>Adem\u00e1s, se integran con diferentes centrales de compra, para\nfacilitar a nuestros clientes y usuarios la comunicaci\u00f3n e integraci\u00f3n con sus\nproveedores y clientes.<\/p>\n\n\n\n<p><strong>Para el grupo Nestl\u00e9 hemos desarrollado una exportaci\u00f3n de albaranes, que permite filtrar por el c\u00f3digo de proveedor y generar un fichero con los valores indicados.<\/strong><\/p>\n\n\n\n<p><strong>Adem\u00e1s, se pueden previsualizar los albaranes que se van a exportar a Nestl\u00e9.<\/strong><\/p>\n\n\n\n<p>Todo ello facilita notablemente la integraci\u00f3n con nuestros sistemas, permite agilizar y automatizar la relaci\u00f3n entre cliente y proveedor, evitando el error humano, acortando tiempos y mejorando resultados, sumado a la potencia de nuestro ERP.<\/p>\n\n\n\n<figure class=\"wp-block-audio\"><audio controls src=\"https:\/\/www.distritok.com\/blog\/wp-content\/uploads\/2023\/02\/Despu\u00e9s-de-muchas-pruebashacia1673606409.mp3\"><\/audio><\/figure>\n","protected":false},"excerpt":{"rendered":"<p>Henri Nestl\u00e9 naci\u00f3 en la ciudad alemana de Frankfurt el 10 de agosto de 1814. Con 29 a\u00f1os se traslad\u00f3 a Suiza y se instal\u00f3 como comerciante en la peque\u00f1a localidad de Vevey. Emprendedor y apasionado por la investigaci\u00f3n, Henri Nestl\u00e9 comenz\u00f3 a preocuparse por elaborar un producto alimenticio que ayudase a combatir la alt\u00edsima &hellip;<\/p>\n<p class=\"read-more\"> <a class=\"\" href=\"https:\/\/www.distritok.com\/blog\/integracion-con-grupo-nestle\/\"> <span class=\"screen-reader-text\">Integraci\u00f3n con Grupo Nestl\u00e9<\/span> Leer m\u00e1s &raquo;<\/a><\/p>\n","protected":false},"author":1,"featured_media":11282,"comment_status":"closed","ping_status":"closed","sticky":false,"template":"","format":"standard","meta":{"footnotes":""},"categories":[470,1],"tags":[701,638],"aioseo_notices":[],"_links":{"self":[{"href":"https:\/\/www.distritok.com\/blog\/wp-json\/wp\/v2\/posts\/11281"}],"collection":[{"href":"https:\/\/www.distritok.com\/blog\/wp-json\/wp\/v2\/posts"}],"about":[{"href":"https:\/\/www.distritok.com\/blog\/wp-json\/wp\/v2\/types\/post"}],"author":[{"embeddable":true,"href":"https:\/\/www.distritok.com\/blog\/wp-json\/wp\/v2\/users\/1"}],"replies":[{"embeddable":true,"href":"https:\/\/www.distritok.com\/blog\/wp-json\/wp\/v2\/comments?post=11281"}],"version-history":[{"count":2,"href":"https:\/\/www.distritok.com\/blog\/wp-json\/wp\/v2\/posts\/11281\/revisions"}],"predecessor-version":[{"id":11287,"href":"https:\/\/www.distritok.com\/blog\/wp-json\/wp\/v2\/posts\/11281\/revisions\/11287"}],"wp:featuredmedia":[{"embeddable":true,"href":"https:\/\/www.distritok.com\/blog\/wp-json\/wp\/v2\/media\/11282"}],"wp:attachment":[{"href":"https:\/\/www.distritok.com\/blog\/wp-json\/wp\/v2\/media?parent=11281"}],"wp:term":[{"taxonomy":"category","embeddable":true,"href":"https:\/\/www.distritok.com\/blog\/wp-json\/wp\/v2\/categories?post=11281"},{"taxonomy":"post_tag","embeddable":true,"href":"https:\/\/www.distritok.com\/blog\/wp-json\/wp\/v2\/tags?post=11281"}],"curies":[{"name":"wp","href":"https:\/\/api.w.org\/{rel}","templated":true}]}}