{"id":11289,"date":"2023-02-08T08:50:05","date_gmt":"2023-02-08T07:50:05","guid":{"rendered":"https:\/\/www.distritok.com\/blog\/?p=11289"},"modified":"2023-02-08T09:12:00","modified_gmt":"2023-02-08T08:12:00","slug":"a-coruna-sera-la-sede-de-aesia","status":"publish","type":"post","link":"https:\/\/www.distritok.com\/blog\/a-coruna-sera-la-sede-de-aesia\/","title":{"rendered":"A Coru\u00f1a ser\u00e1 la sede de AESIA"},"content":{"rendered":"\n<blockquote class=\"wp-block-quote is-style-large\"><p>Hace varias semanas se comunic\u00f3 oficialmente que la ciudad de A Coru\u00f1a ser\u00e1 la sede de la Agencia Estatal de Supervisi\u00f3n de Inteligencia Artificial (AESIA). Este logro situar\u00e1 a la ciudad como uno de los referentes tecnol\u00f3gicos en Espa\u00f1a, siendo Espa\u00f1a el primer pa\u00eds de la Uni\u00f3n Europea que tendr\u00e1 una agencia de Inteligencia Artificial.<\/p><\/blockquote>\n\n\n\n<figure class=\"wp-block-audio\"><audio controls src=\"https:\/\/www.distritok.com\/blog\/wp-content\/uploads\/2023\/02\/Hace-varias-semanas-se-comunic1673606864.mp3\"><\/audio><\/figure>\n\n\n\n<p>La propia ministra destac\u00f3 que en la elecci\u00f3n tuvo que ver \u201cun importante ecosistema universitario, tanto en la formaci\u00f3n como en la investigaci\u00f3n relacionado con la Inteligencia Artificial, y que cuenta con un excelente ecosistema empresarial con hasta dos hub de innovaci\u00f3n digital que generan un 10 % del empleo gallego, adem\u00e1s de que se ha tenido en cuenta el amplio n\u00famero de empresas que se dedican a este sector que apoyaron esta candidatura junto a la colaboraci\u00f3n de la comunidad aut\u00f3noma\u201d, y entre las que se encuentra Distrito K, nacida y ubicada en A Coru\u00f1a desde hace m\u00e1s de 25 a\u00f1os. <\/p>\n\n\n\n<p><strong>Solo A Coru\u00f1a tiene m\u00e1s de un centenar de empresas que dan empleo a 4.000 tecn\u00f3logos, suponiendo el 60% del VAB del sector en Galicia.<\/strong><\/p>\n\n\n\n<p>Esta instituci\u00f3n depender\u00e1 directamente del Ministerio de\nEconom\u00eda. La ministra destaca la propuesta municipal con medidas que facilitan\nla movilidad de trabajadores con apoyo al personal desplazado y ayudas para las\nfamilias. Espa\u00f1a ser\u00e1 el primer pa\u00eds de la UE con una agencia de este tipo,\nanteponi\u00e9ndose a la entrada en vigor del reglamento en este aspecto.<\/p>\n\n\n\n<p><strong>La Agencia Estatal de Supervisi\u00f3n de la IA gozar\u00e1 de autonom\u00eda, independencia, patrimonio propio y de potestades administrativas. Ser\u00e1 clave para asegurar el cumplimiento de la regulaci\u00f3n europea en materia de IA y para supervisar la correcta interpretaci\u00f3n de la misma<\/strong>. Adem\u00e1s, pretende concienciar sobre el impacto de la Inteligencia Artificial en la sociedad, con el objetivo de generar confianza en un ecosistema respetuoso y garantista en el uso de esta tecnolog\u00eda. En este sentido, la Agencia tiene como principal misi\u00f3n minimizar los riesgos que puede traer la IA en campos como la seguridad, la intimidad y la salud de las personas, as\u00ed como sobre los dem\u00e1s derechos fundamentales.<\/p>\n\n\n\n<p>Con todo ello, Espa\u00f1a se sit\u00faa como un pa\u00eds puntero y\nreferente en Inteligencia Artificial desde un punto de vista humanista, que\nrespete los derechos de la ciudadan\u00eda y genere un clima de confianza.<\/p>\n\n\n\n<p><strong>La Agencia Espa\u00f1ola de Supervisi\u00f3n de la Inteligencia Artificial se enmarca en la Agenda Espa\u00f1a Digital 2026<\/strong>, en la Estrategia Nacional de Inteligencia Artificial, as\u00ed como en el Plan de Recuperaci\u00f3n, Transformaci\u00f3n y Resiliencia, donde se asientan diez pol\u00edticas palanca que dan desarrollo a una agenda de inversiones y reformas estructurales para cumplir cuatro objetivos transversales: <\/p>\n\n\n\n<ul><li>avanzar hacia una Espa\u00f1a m\u00e1s verde,<\/li><li>m\u00e1s digital,<\/li><li>m\u00e1s cohesionada desde el punto de vista social y territorial,<\/li><li> y m\u00e1s igualitaria.<\/li><\/ul>\n\n\n\n<div class=\"wp-block-image\"><figure class=\"aligncenter\"><img loading=\"lazy\" decoding=\"async\" width=\"600\" height=\"400\" src=\"https:\/\/www.distritok.com\/blog\/wp-content\/uploads\/2023\/02\/img-retech.png\" alt=\"\" class=\"wp-image-11274\" srcset=\"https:\/\/www.distritok.com\/blog\/wp-content\/uploads\/2023\/02\/img-retech.png 600w, https:\/\/www.distritok.com\/blog\/wp-content\/uploads\/2023\/02\/img-retech-300x200.png 300w\" sizes=\"(max-width: 600px) 100vw, 600px\" \/><figcaption> Agenda Espa\u00f1a Digital 2026<\/figcaption><\/figure><\/div>\n\n\n\n<figure class=\"wp-block-audio\"><audio controls src=\"https:\/\/www.distritok.com\/blog\/wp-content\/uploads\/2023\/02\/La-propia-ministra-destac\u00f3-que1673606889.mp3\"><\/audio><\/figure>\n\n\n\n<p><\/p>\n","protected":false},"excerpt":{"rendered":"<p>Hace varias semanas se comunic\u00f3 oficialmente que la ciudad de A Coru\u00f1a ser\u00e1 la sede de la Agencia Estatal de Supervisi\u00f3n de Inteligencia Artificial (AESIA). Este logro situar\u00e1 a la ciudad como uno de los referentes tecnol\u00f3gicos en Espa\u00f1a, siendo Espa\u00f1a el primer pa\u00eds de la Uni\u00f3n Europea que tendr\u00e1 una agencia de Inteligencia Artificial. &hellip;<\/p>\n<p class=\"read-more\"> <a class=\"\" href=\"https:\/\/www.distritok.com\/blog\/a-coruna-sera-la-sede-de-aesia\/\"> <span class=\"screen-reader-text\">A Coru\u00f1a ser\u00e1 la sede de AESIA<\/span> Leer m\u00e1s &raquo;<\/a><\/p>\n","protected":false},"author":1,"featured_media":11290,"comment_status":"closed","ping_status":"closed","sticky":false,"template":"","format":"standard","meta":{"footnotes":""},"categories":[523],"tags":[36],"aioseo_notices":[],"_links":{"self":[{"href":"https:\/\/www.distritok.com\/blog\/wp-json\/wp\/v2\/posts\/11289"}],"collection":[{"href":"https:\/\/www.distritok.com\/blog\/wp-json\/wp\/v2\/posts"}],"about":[{"href":"https:\/\/www.distritok.com\/blog\/wp-json\/wp\/v2\/types\/post"}],"author":[{"embeddable":true,"href":"https:\/\/www.distritok.com\/blog\/wp-json\/wp\/v2\/users\/1"}],"replies":[{"embeddable":true,"href":"https:\/\/www.distritok.com\/blog\/wp-json\/wp\/v2\/comments?post=11289"}],"version-history":[{"count":2,"href":"https:\/\/www.distritok.com\/blog\/wp-json\/wp\/v2\/posts\/11289\/revisions"}],"predecessor-version":[{"id":11294,"href":"https:\/\/www.distritok.com\/blog\/wp-json\/wp\/v2\/posts\/11289\/revisions\/11294"}],"wp:featuredmedia":[{"embeddable":true,"href":"https:\/\/www.distritok.com\/blog\/wp-json\/wp\/v2\/media\/11290"}],"wp:attachment":[{"href":"https:\/\/www.distritok.com\/blog\/wp-json\/wp\/v2\/media?parent=11289"}],"wp:term":[{"taxonomy":"category","embeddable":true,"href":"https:\/\/www.distritok.com\/blog\/wp-json\/wp\/v2\/categories?post=11289"},{"taxonomy":"post_tag","embeddable":true,"href":"https:\/\/www.distritok.com\/blog\/wp-json\/wp\/v2\/tags?post=11289"}],"curies":[{"name":"wp","href":"https:\/\/api.w.org\/{rel}","templated":true}]}}