{"id":11841,"date":"2023-05-30T09:33:12","date_gmt":"2023-05-30T07:33:12","guid":{"rendered":"https:\/\/www.distritok.com\/blog\/?p=11841"},"modified":"2023-05-30T09:33:14","modified_gmt":"2023-05-30T07:33:14","slug":"actualiza-tu-erp-a-los-cambios-fiscales","status":"publish","type":"post","link":"https:\/\/www.distritok.com\/blog\/actualiza-tu-erp-a-los-cambios-fiscales\/","title":{"rendered":"Actualiza tu ERP a los cambios fiscales"},"content":{"rendered":"\n<blockquote class=\"wp-block-quote is-style-large\"><p>El IVA o Impuesto sobre el Valor A\u00f1adido es un impuesto indirecto que grava el consumo final de productos y servicios producidos tanto en el territorio nacional como en el exterior. En Espa\u00f1a existen tres tipos de IVA: general, reducido y superreducido. Conocer qu\u00e9 es este impuesto, cu\u00e1ndo y por qu\u00e9 se paga, y tener una adecuada planificaci\u00f3n fiscal es importante para mejorar la salud financiera de empresas y familias.<\/p><\/blockquote>\n\n\n\n<figure class=\"wp-block-audio\"><audio controls src=\"https:\/\/www.distritok.com\/blog\/wp-content\/uploads\/2023\/05\/El-IVA-o-Impuesto-sobre-el-Val1685363333.mp3\"><\/audio><\/figure>\n\n\n\n<p>Actualmente en Espa\u00f1a existen tres tipos de IVA:<\/p>\n\n\n\n<ul><li>IVA general (21%)<\/li><li>IVA reducido (10%)<\/li><li>IVA superreducido (4%)<\/li><\/ul>\n\n\n\n<p>Pero se han definido otros tipos de IVA extraordinarios:<\/p>\n\n\n\n<ul><li>IVA 0%, todos los productos que no son tratados, es decir, de origen natural.<\/li><li>IVA 12%, los bienes que son transformados de su estado natural, los bienes que est\u00e9n destinados a la comercializaci\u00f3n y los servicios que generen utilidad.<\/li><\/ul>\n\n\n\n<p><strong>Pero adem\u00e1s para paliar la inflaci\u00f3n y la subida de precios, el Gobierno ha suprimido desde el 1 de enero de 2023 el Impuesto sobre el Valor A\u00f1adido (IVA) de los productos que ya ten\u00edan el tipo reducido del 4% y, adem\u00e1s, ha bajado del 10% al 5% el IVA de los aceites, incluido el de oliva, y las pastas.<\/strong><\/p>\n\n\n\n<p>Por lo tanto, definimos otro tipo de IVA al 5%.<\/p>\n\n\n\n<p>Estos IVAs est\u00e1n sujetos a:<\/p>\n\n\n\n<ul><li>Las entregas de bienes y prestaciones de servicios efectuadas por empresarios o profesionales.<\/li><li>Las adquisiciones intracomunitarias de bienes.<\/li><li>Las importaciones de bienes.<\/li><\/ul>\n\n\n\n<p>El recargo de equivalencia es un tipo de r\u00e9gimen especial\nque consiste en:<\/p>\n\n\n\n<p>Los proveedores repercuten al comerciante en la factura, el\nIVA correspondiente m\u00e1s el recargo de equivalencia, por separado y a los\nsiguientes tipos:<\/p>\n\n\n\n<ul><li>Art\u00edculos al tipo general del 21%: recargo del 5,2%<\/li><li>Art\u00edculos al tipo reducido del 10%: recargo del 1,4%<\/li><li>Art\u00edculos al tipo superreducido del 4%: recargo del 0,5%<\/li><\/ul>\n\n\n\n<p>En el r\u00e9gimen de recargo de equivalencia el comerciante no\nest\u00e1 obligado a efectuar ingreso alguno por la actividad, salvo por las\nadquisiciones intracomunitarias, cuando sea sujeto pasivo por inversi\u00f3n y por\nlas ventas de inmuebles sujetas y no exentas, salvo que sean efectuadas en\nejecuci\u00f3n de garant\u00eda.<\/p>\n\n\n\n<p>Por ello, <strong>en Distrito K hemos adaptado nuestros programas a estas casu\u00edsticas a\u00f1adiendo 6 nuevos porcentajes para IVA y 6 nuevos porcentajes de recargo de equivalencia<\/strong>, tanto para los programas de gesti\u00f3n como de Contabilidad, previendo posibles incorporaciones o modificaciones y estando siempre con los cambios legislativos y fiscales.<\/p>\n\n\n\n<figure class=\"wp-block-audio\"><audio controls src=\"https:\/\/www.distritok.com\/blog\/wp-content\/uploads\/2023\/05\/Actualmente-en-Espa\u00f1a-existen-1685363366.mp3\"><\/audio><\/figure>\n","protected":false},"excerpt":{"rendered":"<p>El IVA o Impuesto sobre el Valor A\u00f1adido es un impuesto indirecto que grava el consumo final de productos y servicios producidos tanto en el territorio nacional como en el exterior. En Espa\u00f1a existen tres tipos de IVA: general, reducido y superreducido. Conocer qu\u00e9 es este impuesto, cu\u00e1ndo y por qu\u00e9 se paga, y tener &hellip;<\/p>\n<p class=\"read-more\"> <a class=\"\" href=\"https:\/\/www.distritok.com\/blog\/actualiza-tu-erp-a-los-cambios-fiscales\/\"> <span class=\"screen-reader-text\">Actualiza tu ERP a los cambios fiscales<\/span> Leer m\u00e1s &raquo;<\/a><\/p>\n","protected":false},"author":1,"featured_media":11842,"comment_status":"closed","ping_status":"closed","sticky":false,"template":"","format":"standard","meta":{"footnotes":""},"categories":[523,770],"tags":[36],"aioseo_notices":[],"_links":{"self":[{"href":"https:\/\/www.distritok.com\/blog\/wp-json\/wp\/v2\/posts\/11841"}],"collection":[{"href":"https:\/\/www.distritok.com\/blog\/wp-json\/wp\/v2\/posts"}],"about":[{"href":"https:\/\/www.distritok.com\/blog\/wp-json\/wp\/v2\/types\/post"}],"author":[{"embeddable":true,"href":"https:\/\/www.distritok.com\/blog\/wp-json\/wp\/v2\/users\/1"}],"replies":[{"embeddable":true,"href":"https:\/\/www.distritok.com\/blog\/wp-json\/wp\/v2\/comments?post=11841"}],"version-history":[{"count":1,"href":"https:\/\/www.distritok.com\/blog\/wp-json\/wp\/v2\/posts\/11841\/revisions"}],"predecessor-version":[{"id":11845,"href":"https:\/\/www.distritok.com\/blog\/wp-json\/wp\/v2\/posts\/11841\/revisions\/11845"}],"wp:featuredmedia":[{"embeddable":true,"href":"https:\/\/www.distritok.com\/blog\/wp-json\/wp\/v2\/media\/11842"}],"wp:attachment":[{"href":"https:\/\/www.distritok.com\/blog\/wp-json\/wp\/v2\/media?parent=11841"}],"wp:term":[{"taxonomy":"category","embeddable":true,"href":"https:\/\/www.distritok.com\/blog\/wp-json\/wp\/v2\/categories?post=11841"},{"taxonomy":"post_tag","embeddable":true,"href":"https:\/\/www.distritok.com\/blog\/wp-json\/wp\/v2\/tags?post=11841"}],"curies":[{"name":"wp","href":"https:\/\/api.w.org\/{rel}","templated":true}]}}