{"id":12191,"date":"2023-07-26T08:50:20","date_gmt":"2023-07-26T06:50:20","guid":{"rendered":"https:\/\/www.distritok.com\/blog\/?p=12191"},"modified":"2023-07-28T11:16:19","modified_gmt":"2023-07-28T09:16:19","slug":"iva-nuevas-incorporaciones-al-sistema","status":"publish","type":"post","link":"https:\/\/www.distritok.com\/blog\/iva-nuevas-incorporaciones-al-sistema\/","title":{"rendered":"IVA. Nuevas incorporaciones al sistema"},"content":{"rendered":"\n<blockquote class=\"wp-block-quote is-style-large\"><p>El IVA o Impuesto sobre el Valor A\u00f1adido es un impuesto indirecto que grava el consumo final de productos y servicios producidos tanto en el territorio nacional como en el exterior. En Espa\u00f1a existen tres tipos de IVA: general, reducido y superreducido. Conocer qu\u00e9 es este impuesto, cu\u00e1ndo y por qu\u00e9 se paga, y tener una adecuada planificaci\u00f3n fiscal es importante para mejorar la salud financiera de empresas y familias. <\/p><\/blockquote>\n\n\n\n<figure class=\"wp-block-audio\"><audio controls src=\"https:\/\/www.distritok.com\/blog\/wp-content\/uploads\/2023\/07\/El-IVA-o-Impuesto-sobre-el-Val1690352194.mp3\"><\/audio><\/figure>\n\n\n\n<p><strong>Actualmente en Espa\u00f1a existen cuatro tipos de IVA: <\/strong><\/p>\n\n\n\n<ul><li>IVA general (21%)<\/li><li>IVA reducido (10%)<\/li><li>IVA superreducido (4%)<\/li><li>IVA agricultura (12%)<\/li><\/ul>\n\n\n\n<p>Tambi\u00e9n se aplican el 5% y el 0% a determinadas operaciones.\n<\/p>\n\n\n\n<p><strong>El IVA es un impuesto de naturaleza indirecta porque recae sobre una manifestaci\u00f3n indirecta de la capacidad econ\u00f3mica, concretamente, el consumo de bienes y servicios. <\/strong><\/p>\n\n\n\n<p>Este impuesto grava tres clases de operaciones distintas, a\nsaber: <\/p>\n\n\n\n<p>Entregas de bienes y prestaciones de servicios realizadas\npor empresarios y profesionales en el desarrollo de su actividad. <\/p>\n\n\n\n<p>Adquisiciones intracomunitarias de bienes realizadas por\nempresarios, profesionales o personas jur\u00eddicas que no act\u00faan como empresarios\no profesionales, aunque en ocasiones pueden ser realizadas por particulares\n(por ejemplo, adquisici\u00f3n intracomunitaria de medios de transporte nuevos). <\/p>\n\n\n\n<p>Importaciones de bienes, cualquiera que sea quien las\nrealice, ya sea empresario, profesional o particular. <\/p>\n\n\n\n<p>En la aplicaci\u00f3n del impuesto por los empresarios o profesionales <strong>se pueden distinguir dos aspectos: <\/strong><\/p>\n\n\n\n<p><strong>Por sus ventas o prestaciones de servicios<\/strong>, repercuten a los adquirentes o destinatarios las cuotas del IVA que correspondan, con obligaci\u00f3n de ingresarlas en el Tesoro. <\/p>\n\n\n\n<p><strong>Por sus adquisiciones<\/strong>, soportan cuotas que tienen derecho a deducir en sus autoliquidaciones peri\u00f3dicas. En cada liquidaci\u00f3n, se declara el IVA repercutido a los clientes, restando de \u00e9ste el soportado en las compras y adquisiciones a los proveedores, pudiendo ser el resultado tanto positivo como negativo. <\/p>\n\n\n\n<p>Si el resultado es positivo, debe ingresarse en el Tesoro.\nSi es negativo, con car\u00e1cter general, se compensa en las autoliquidaciones\nsiguientes. S\u00f3lo si al final del ejercicio, en la \u00faltima declaraci\u00f3n\npresentada, el resultado es negativo o si se trata de sujetos pasivos inscritos\nen el registro de devoluci\u00f3n mensual, en cualquier declaraci\u00f3n, se puede optar\npor solicitar la devoluci\u00f3n o bien compensar el saldo negativo en las\nliquidaciones siguientes. <\/p>\n\n\n\n<p><strong>Hemos desarrollado un proceso que permite ampliar 6 casillas m\u00e1s de IVA, por lo tanto, a\u00f1adimos 6 nuevos porcentajes para IVA y 6 nuevos porcentajes de recargo de equivalencia en la configuraci\u00f3n de impuestos<\/strong>. En total en la actualidad hay 12. <\/p>\n\n\n\n<p>Esta ampliaci\u00f3n se realiza con el objetivo de dotar de m\u00e1s capacidad al programa y adelantarnos a posibles incorporaciones.<\/p>\n\n\n\n<figure class=\"wp-block-audio\"><audio controls src=\"https:\/\/www.distritok.com\/blog\/wp-content\/uploads\/2023\/07\/Actualmente-en-Espa\u00f1a-existen-1690352324.mp3\"><\/audio><\/figure>\n","protected":false},"excerpt":{"rendered":"<p>El IVA o Impuesto sobre el Valor A\u00f1adido es un impuesto indirecto que grava el consumo final de productos y servicios producidos tanto en el territorio nacional como en el exterior. En Espa\u00f1a existen tres tipos de IVA: general, reducido y superreducido. Conocer qu\u00e9 es este impuesto, cu\u00e1ndo y por qu\u00e9 se paga, y tener &hellip;<\/p>\n<p class=\"read-more\"> <a class=\"\" href=\"https:\/\/www.distritok.com\/blog\/iva-nuevas-incorporaciones-al-sistema\/\"> <span class=\"screen-reader-text\">IVA. Nuevas incorporaciones al sistema<\/span> Leer m\u00e1s &raquo;<\/a><\/p>\n","protected":false},"author":1,"featured_media":12192,"comment_status":"closed","ping_status":"closed","sticky":false,"template":"","format":"standard","meta":{"footnotes":""},"categories":[523,770],"tags":[331,334],"aioseo_notices":[],"_links":{"self":[{"href":"https:\/\/www.distritok.com\/blog\/wp-json\/wp\/v2\/posts\/12191"}],"collection":[{"href":"https:\/\/www.distritok.com\/blog\/wp-json\/wp\/v2\/posts"}],"about":[{"href":"https:\/\/www.distritok.com\/blog\/wp-json\/wp\/v2\/types\/post"}],"author":[{"embeddable":true,"href":"https:\/\/www.distritok.com\/blog\/wp-json\/wp\/v2\/users\/1"}],"replies":[{"embeddable":true,"href":"https:\/\/www.distritok.com\/blog\/wp-json\/wp\/v2\/comments?post=12191"}],"version-history":[{"count":3,"href":"https:\/\/www.distritok.com\/blog\/wp-json\/wp\/v2\/posts\/12191\/revisions"}],"predecessor-version":[{"id":12244,"href":"https:\/\/www.distritok.com\/blog\/wp-json\/wp\/v2\/posts\/12191\/revisions\/12244"}],"wp:featuredmedia":[{"embeddable":true,"href":"https:\/\/www.distritok.com\/blog\/wp-json\/wp\/v2\/media\/12192"}],"wp:attachment":[{"href":"https:\/\/www.distritok.com\/blog\/wp-json\/wp\/v2\/media?parent=12191"}],"wp:term":[{"taxonomy":"category","embeddable":true,"href":"https:\/\/www.distritok.com\/blog\/wp-json\/wp\/v2\/categories?post=12191"},{"taxonomy":"post_tag","embeddable":true,"href":"https:\/\/www.distritok.com\/blog\/wp-json\/wp\/v2\/tags?post=12191"}],"curies":[{"name":"wp","href":"https:\/\/api.w.org\/{rel}","templated":true}]}}