{"id":12264,"date":"2023-08-30T08:50:31","date_gmt":"2023-08-30T06:50:31","guid":{"rendered":"https:\/\/www.distritok.com\/blog\/?p=12264"},"modified":"2023-08-30T08:57:44","modified_gmt":"2023-08-30T06:57:44","slug":"novedades-del-calendario-fiscal-2023","status":"publish","type":"post","link":"https:\/\/www.distritok.com\/blog\/novedades-del-calendario-fiscal-2023\/","title":{"rendered":"Novedades del calendario fiscal 2023"},"content":{"rendered":"\n<blockquote class=\"wp-block-quote is-style-large\"><p>El calendario del contribuyente o calendario fiscal son aquellas fechas en las que PYMES y aut\u00f3nomos tienen que cumplir las obligaciones tributarias por parte del contribuyente. <strong>En 2023 este calendario ha sufrido una serie de cambios importantes que nos parece interesante resaltar, por ello, llegando al \u00faltimo trimestre del a\u00f1o vamos a repasarlas.<\/strong><\/p><\/blockquote>\n\n\n\n<figure class=\"wp-block-audio\"><audio controls src=\"https:\/\/www.distritok.com\/blog\/wp-content\/uploads\/2023\/08\/El-calendario-del-contribuyent1693210846.mp3\"><\/audio><\/figure>\n\n\n\n<p>Desaparece para las autoliquidaciones del modelo 303 -Autoliquidaci\u00f3n de IVA-&nbsp; correspondientes al ejercicio 2023 y siguientes, la presentaci\u00f3n a trav\u00e9s del formulario web, que permite imprimir el modelo para su presentaci\u00f3n en papel \u201cpredeclaraci\u00f3n\u201d. No obstante, y solo para los contribuyentes que hasta ahora han podido utilizar la predeclaraci\u00f3n, se podr\u00e1 obtener e imprimir un documento de ingreso que permitir\u00e1 realizar el pago en una entidad colaboradora.<\/p>\n\n\n\n<p>Desaparece el modelo 777 \u201cDeclaraciones-liquidaciones\nextempor\u00e1neas y complementarias. Documento de ingreso o devoluci\u00f3n\u201d utilizado\npara presentar declaraciones extempor\u00e1neas de ejercicios para los cuales no\nexist\u00eda modelo de declaraci\u00f3n en euros. Se establece la obligaci\u00f3n de utilizar\nlos modelos en euros a partir del 1 de enero de 2002.<\/p>\n\n\n\n<p>Se aprueba el modelo 179, \u201cDeclaraci\u00f3n informativa anual de\nla cesi\u00f3n de uso de viviendas con fines tur\u00edsticos\u201d, que habr\u00e1 de presentarse\ncon periodicidad anual por los obligados a declarar. Se modifica el plazo de\npresentaci\u00f3n, que pasa de trimestral a anual. El plazo de presentaci\u00f3n del\nmodelo 179 ser\u00e1 el comprendido entre el 1 y el 31 de enero de cada a\u00f1o, en\nrelaci\u00f3n con la informaci\u00f3n y operaciones que correspondan al a\u00f1o natural\ninmediato anterior.<\/p>\n\n\n\n<p>El nuevo plazo de presentaci\u00f3n previsto para el modelo 179 ser\u00e1 aplicable, por primera vez, a las declaraciones informativas correspondientes al ejercicio 2023, que deber\u00e1n presentarse en enero de 2024.<\/p>\n\n\n\n<div class=\"wp-block-image\"><figure class=\"aligncenter\"><img loading=\"lazy\" decoding=\"async\" width=\"600\" height=\"621\" src=\"https:\/\/www.distritok.com\/blog\/wp-content\/uploads\/2023\/08\/img-fiscal.jpg\" alt=\"\" class=\"wp-image-12268\" srcset=\"https:\/\/www.distritok.com\/blog\/wp-content\/uploads\/2023\/08\/img-fiscal.jpg 600w, https:\/\/www.distritok.com\/blog\/wp-content\/uploads\/2023\/08\/img-fiscal-290x300.jpg 290w\" sizes=\"(max-width: 600px) 100vw, 600px\" \/><figcaption>Novedades en modelos fiscales<\/figcaption><\/figure><\/div>\n\n\n\n<p>Los siguientes modelos ser\u00e1n presentados por primera vez en\nel ejercicio 2023 y su plazo de presentaci\u00f3n es el siguiente:<\/p>\n\n\n\n<ul><li><strong>Modelo 381<\/strong>. \u201cImpuesto sobre el Valor A\u00f1adido. Solicitud de reembolso de las cuotas tributarias soportadas por las fuerzas armadas de los Estados miembros de la Uni\u00f3n Europea afectadas a un esfuerzo en el \u00e1mbito de la pol\u00edtica com\u00fan de seguridad y defensa\u201d (art. 5.2 del reglamento aprobado por el Real Decreto 443\/2023, de 13 de junio): seis meses siguientes a la terminaci\u00f3n de cada trimestre. Las solicitudes correspondientes al tercer trimestre y cuarto trimestre de 2022 y al primer trimestre de 2023 se presentar\u00e1n en el mismo plazo de presentaci\u00f3n correspondiente al segundo trimestre de 2023 (hasta el 2 de enero de 2024).<\/li><li><strong>Modelo 587<\/strong>. \u201cImpuesto sobre los gases fluorados de efecto invernadero -a partir del 1 de septiembre de 2022-. Autoliquidaci\u00f3n\u201d: 1 al 20 del mes siguiente a la finalizaci\u00f3n del per\u00edodo de liquidaci\u00f3n (domiciliaci\u00f3n bancaria del 1 al 15), y Modelo A23. \u201cImpuesto sobre los gases fluorados de efecto invernadero. Solicitud de devoluci\u00f3n\u201d: 1 al 20 del mes siguiente en el que finaliza el trimestre correspondiente.<\/li><li><strong>Modelo 592<\/strong>. \u201cImpuesto especial sobre los envases de pl\u00e1stico no reutilizables. Autoliquidaci\u00f3n\u201d: 1 al 20 del mes siguiente a aquel en el que finaliza el periodo de liquidaci\u00f3n que corresponda (domiciliaci\u00f3n bancaria del 1 al 15), y Modelo A22. \u201cImpuesto especial sobre los envases de pl\u00e1stico no reutilizables. Solicitud de devoluci\u00f3n\u201d:1 al 20 del mes siguiente a aquel en el que finaliza el trimestre correspondiente. El periodo de liquidaci\u00f3n coincidir\u00e1 con el trimestre natural, salvo que se trate de contribuyentes cuyo per\u00edodo de liquidaci\u00f3n en el IVA fuera mensual, en cuyo caso ser\u00e1 tambi\u00e9n mensual el periodo de liquidaci\u00f3n de este impuesto. Se presentar\u00e1n en formato electr\u00f3nico.<\/li><li><strong>Modelo 593<\/strong>. \u201cImpuesto sobre el dep\u00f3sito de residuos en vertederos, la incineraci\u00f3n y la coincineraci\u00f3n de residuos\u201d: 30 primeros d\u00edas naturales siguientes al mes en que finaliza el periodo de liquidaci\u00f3n que coincidir\u00e1 con el trimestre natural (domiciliaci\u00f3n bancaria del 1 al 25). Se presentar\u00e1 en formato electr\u00f3nico.<\/li><li><strong>Modelo 718<\/strong>. \u201cImpuesto temporal de solidaridad de las grandes fortunas\u201d: 1 al 31 de julio de cada a\u00f1o, en relaci\u00f3n con la informaci\u00f3n que corresponda al a\u00f1o natural inmediato anterior (ejercicio 2022 a presentar entre el 1 y 31 de julio de 2023). Estar\u00e1 disponible exclusivamente en formato electr\u00f3nico y su presentaci\u00f3n e ingreso se realizar\u00e1n por v\u00eda electr\u00f3nica a trav\u00e9s de Internet.<\/li><li><strong>Modelo 793<\/strong>. \u201cPagos a cuenta de la Aportaci\u00f3n a realizar por los prestadores del servicio de comunicaci\u00f3n audiovisual televisivo y por los prestadores del servicio de intercambio de v\u00eddeos a trav\u00e9s de plataforma de \u00e1mbito geogr\u00e1fico estatal o superior al de una Comunidad Aut\u00f3noma\u201d: 1 al 20 de abril, julio y octubre (domiciliaci\u00f3n bancaria del 1 al 15). Se presentar\u00e1 en formato electr\u00f3nico.<\/li><li><strong>Modelo 795<\/strong>. \u201cGravamen temporal energ\u00e9tico. Autoliquidaci\u00f3n\u201d: 1 al 20 de septiembre (domiciliaci\u00f3n bancaria del 1 al 15). Se presentar\u00e1 en formato electr\u00f3nico.<\/li><li><strong>Modelo 796<\/strong>. \u201cGravamen temporal energ\u00e9tico. Pago anticipado\u201d: 1 al 20 de febrero (domiciliaci\u00f3n bancaria del 1 al 15). Se presentar\u00e1 en formato electr\u00f3nico.<\/li><li><strong>Modelo 797<\/strong>. \u201cGravamen temporal de entidades de cr\u00e9dito y establecimientos financieros de cr\u00e9dito. Autoliquidaci\u00f3n\u201d: 1 al 20 de septiembre (domiciliaci\u00f3n bancaria del 1 al 15). Se presentar\u00e1 en formato electr\u00f3nico.<\/li><li><strong>Modelo 798<\/strong>. \u201cGravamen temporal de entidades de cr\u00e9dito y establecimientos financieros de cr\u00e9dito. Pago anticipado\u201d: 1 al 20 de febrero (domiciliaci\u00f3n bancaria del 1 al 15). Se presentar\u00e1 en formato electr\u00f3nico.<\/li><\/ul>\n\n\n\n<figure class=\"wp-block-audio\"><audio controls src=\"https:\/\/www.distritok.com\/blog\/wp-content\/uploads\/2023\/08\/Desaparece-para-las-autoliquid1693210873.mp3\"><\/audio><\/figure>\n","protected":false},"excerpt":{"rendered":"<p>El calendario del contribuyente o calendario fiscal son aquellas fechas en las que PYMES y aut\u00f3nomos tienen que cumplir las obligaciones tributarias por parte del contribuyente. En 2023 este calendario ha sufrido una serie de cambios importantes que nos parece interesante resaltar, por ello, llegando al \u00faltimo trimestre del a\u00f1o vamos a repasarlas. Desaparece para &hellip;<\/p>\n<p class=\"read-more\"> <a class=\"\" href=\"https:\/\/www.distritok.com\/blog\/novedades-del-calendario-fiscal-2023\/\"> <span class=\"screen-reader-text\">Novedades del calendario fiscal 2023<\/span> Leer m\u00e1s &raquo;<\/a><\/p>\n","protected":false},"author":1,"featured_media":12267,"comment_status":"closed","ping_status":"closed","sticky":false,"template":"","format":"standard","meta":{"footnotes":""},"categories":[523],"tags":[330,760],"aioseo_notices":[],"_links":{"self":[{"href":"https:\/\/www.distritok.com\/blog\/wp-json\/wp\/v2\/posts\/12264"}],"collection":[{"href":"https:\/\/www.distritok.com\/blog\/wp-json\/wp\/v2\/posts"}],"about":[{"href":"https:\/\/www.distritok.com\/blog\/wp-json\/wp\/v2\/types\/post"}],"author":[{"embeddable":true,"href":"https:\/\/www.distritok.com\/blog\/wp-json\/wp\/v2\/users\/1"}],"replies":[{"embeddable":true,"href":"https:\/\/www.distritok.com\/blog\/wp-json\/wp\/v2\/comments?post=12264"}],"version-history":[{"count":2,"href":"https:\/\/www.distritok.com\/blog\/wp-json\/wp\/v2\/posts\/12264\/revisions"}],"predecessor-version":[{"id":12292,"href":"https:\/\/www.distritok.com\/blog\/wp-json\/wp\/v2\/posts\/12264\/revisions\/12292"}],"wp:featuredmedia":[{"embeddable":true,"href":"https:\/\/www.distritok.com\/blog\/wp-json\/wp\/v2\/media\/12267"}],"wp:attachment":[{"href":"https:\/\/www.distritok.com\/blog\/wp-json\/wp\/v2\/media?parent=12264"}],"wp:term":[{"taxonomy":"category","embeddable":true,"href":"https:\/\/www.distritok.com\/blog\/wp-json\/wp\/v2\/categories?post=12264"},{"taxonomy":"post_tag","embeddable":true,"href":"https:\/\/www.distritok.com\/blog\/wp-json\/wp\/v2\/tags?post=12264"}],"curies":[{"name":"wp","href":"https:\/\/api.w.org\/{rel}","templated":true}]}}