{"id":12482,"date":"2023-09-18T10:19:23","date_gmt":"2023-09-18T08:19:23","guid":{"rendered":"https:\/\/www.distritok.com\/blog\/?p=12482"},"modified":"2023-09-18T10:32:36","modified_gmt":"2023-09-18T08:32:36","slug":"espana-a-la-cabeza-de-la-economia-europea","status":"publish","type":"post","link":"https:\/\/www.distritok.com\/blog\/espana-a-la-cabeza-de-la-economia-europea\/","title":{"rendered":"Espa\u00f1a a la cabeza de la econom\u00eda Europea"},"content":{"rendered":"\n<blockquote class=\"wp-block-quote is-style-large\"><p>La Comisi\u00f3n Europea calcula ahora que la econom\u00eda espa\u00f1ola crecer\u00e1 un 2,2% este a\u00f1o, tres d\u00e9cimas m\u00e1s de lo esperado.<\/p><\/blockquote>\n\n\n\n<figure class=\"wp-block-audio\"><audio controls src=\"https:\/\/www.distritok.com\/blog\/wp-content\/uploads\/2023\/09\/La-Comisi\u00f3n-Europea-calcula-ah1694684823.mp3\"><\/audio><\/figure>\n\n\n\n<p>La Comisi\u00f3n Europea revis\u00f3 el lunes pasado tres d\u00e9cimas al alza su previsi\u00f3n de crecimiento del PIB espa\u00f1ol en 2023, hasta el <strong>2,2 %,<\/strong> pero la rebaj\u00f3 en una d\u00e9cima para 2024, hasta el <strong>1,9 %,<\/strong> por la moderaci\u00f3n de la actividad econ\u00f3mica en el segundo semestre de este a\u00f1o y el primero del pr\u00f3ximo.<\/p>\n\n\n\n<p>El pasado lunes 11 de septiembre, fecha grabada por todos en la memoria debido al aniversario de uno de los peores atentados de la historia fue, adem\u00e1s de un \u00abremember\u00bb, una alegr\u00eda para la econom\u00eda de nuestro pa\u00eds ya que la Comisi\u00f3n Europea aumenta su previsi\u00f3n en tres d\u00e9cimas al alza de crecimiento del PIB espa\u00f1ol en 2023, hasta el <strong>2,2 %<\/strong>.<\/p>\n\n\n\n<p>Los pron\u00f3sticos de la Comisi\u00f3n colocan a Espa\u00f1a como la gran econom\u00eda europea que m\u00e1s crecer\u00e1 en el presente ejercicio, claramente <strong>por encima de la media comunitaria y de la eurozona (0,8%).<\/strong><\/p>\n\n\n\n<p>Adem\u00e1s, estas previsiones macroecon\u00f3micas prev\u00e9n que la inflaci\u00f3n baje hasta el <strong>3,6 % en 2023<\/strong>, cuatro d\u00e9cimas menos de lo estimado en sus previsiones del pasado mayo, y que en 2024 se sit\u00fae en el <strong>2,9 %<\/strong>, dos d\u00e9cimas por encima del c\u00e1lculo anterior, situaci\u00f3n de estabilidad y mejora dentro de un mercado que no para de crecer.<\/p>\n\n\n\n<p>La previsi\u00f3n es gracias al poder de compra de los hogares\nespa\u00f1oles, que a su vez se ver\u00e1n beneficiados de la bajada de inflaci\u00f3n y un aumento\nde salarios.<\/p>\n\n\n\n<p><strong>\u201cSe espera que la implementaci\u00f3n del plan de recuperaci\u00f3n y resiliencia siga apoyando el crecimiento de la inversi\u00f3n en el horizonte de las previsiones\u201d<\/strong>, cita el informe la Comisi\u00f3n Europea.<\/p>\n\n\n\n<p><strong>\u201cEn Espa\u00f1a, la econom\u00eda tuvo un muy buen desempe\u00f1o en la primera mitad de a\u00f1o, superando nuestras expectativas de primavera\u201d<\/strong>, dijo el comisario europeo de Econom\u00eda, Paolo Gentiloni, adem\u00e1s de indicar que el crecimiento espa\u00f1ol ser\u00e1 mayor de lo previsto en la segunda mitad del a\u00f1o, por lo tanto, Espa\u00f1a registrar\u00eda as\u00ed la mayor tasa de crecimiento entre las grandes econom\u00edas de la eurozona tanto en 2023 como en 2024.<\/p>\n\n\n\n<p>Incluso se espera que la resiliencia del sector bancario\npermita alejar los riesgos financieros y que el Plan de Recuperaci\u00f3n y\nResiliencia perge\u00f1ado a partir de los fondos europeos siga apoyando el\ncrecimiento de la inversi\u00f3n.<\/p>\n\n\n\n<p>Como ya hemos comentado en otras entradas, el Fondo Europeo\nde Recuperaci\u00f3n es el organismo que garantiza una respuesta europea coordinada\ncon los estados miembros, para hacer frente a las consecuencias econ\u00f3micas y\nsociales de la pandemia.<\/p>\n\n\n\n<p><strong>El Mecanismo para la Recuperaci\u00f3n y la Resiliencia (MRR)<\/strong> constituye el n\u00facleo del Fondo de Recuperaci\u00f3n y est\u00e1 dotado con <strong>672.500 millones de euros<\/strong>, de los cuales <strong>360.000 millones<\/strong> se destinar\u00e1n a <strong>pr\u00e9stamos <\/strong>y <strong>312.500 millones<\/strong> de euros se constituir\u00e1n como <strong>transferencias no reembolsables<\/strong>. Su finalidad es apoyar la inversi\u00f3n y las reformas en los estados miembros para lograr una recuperaci\u00f3n sostenible y resiliente, al tiempo que se promueven las prioridades ecol\u00f3gicas y digitales de la UE.<\/p>\n\n\n\n<p>Espa\u00f1a recibir\u00e1 <strong>140.000 millones de \u20ac para ayudas a PYMEs,<\/strong> que se gestionar\u00e1n a trav\u00e9s de subvenciones y cr\u00e9ditos. Para ello, el gobierno facilita una ventanilla \u00fanica para las diferentes tramitaciones.<\/p>\n\n\n\n<p><strong>En plan dise\u00f1ado por el gobierno se divide en 4 puntos fundamentales: <\/strong><\/p>\n\n\n\n<ul><li>Transformaci\u00f3n digital<\/li><\/ul>\n\n\n\n<ul><li>Transici\u00f3n ecol\u00f3gica<\/li><\/ul>\n\n\n\n<ul><li>Igualdad de g\u00e9nero<\/li><\/ul>\n\n\n\n<ul><li>Cohesi\u00f3n social y territorial<\/li><\/ul>\n\n\n\n<p>El dise\u00f1o del plan ha tenido desde su inicio entre sus\nobjetivos fortalecer la participaci\u00f3n de PYMEs y, por ello, en 17 de los 30\ncomponentes se recogen iniciativas espec\u00edficas orientadas a su participaci\u00f3n.<\/p>\n\n\n\n<p>El componente 13 est\u00e1 \u00edntegramente dedicado a las PYMES y\nprev\u00e9 inversiones de 4.894 millones de euros. Asimismo, reformas e inversiones\nen 5 \u00e1mbitos estrat\u00e9gicos: emprendimiento, crecimiento, digitalizaci\u00f3n e\ninnovaci\u00f3n, apoyo al comercio e internacionalizaci\u00f3n.<\/p>\n\n\n\n<figure class=\"wp-block-audio\"><audio controls src=\"https:\/\/www.distritok.com\/blog\/wp-content\/uploads\/2023\/09\/La-Comisi\u00f3n-Europea-revis\u00f3-el-1694684936.mp3\"><\/audio><\/figure>\n","protected":false},"excerpt":{"rendered":"<p>La Comisi\u00f3n Europea calcula ahora que la econom\u00eda espa\u00f1ola crecer\u00e1 un 2,2% este a\u00f1o, tres d\u00e9cimas m\u00e1s de lo esperado. La Comisi\u00f3n Europea revis\u00f3 el lunes pasado tres d\u00e9cimas al alza su previsi\u00f3n de crecimiento del PIB espa\u00f1ol en 2023, hasta el 2,2 %, pero la rebaj\u00f3 en una d\u00e9cima para 2024, hasta el 1,9 &hellip;<\/p>\n<p class=\"read-more\"> <a class=\"\" href=\"https:\/\/www.distritok.com\/blog\/espana-a-la-cabeza-de-la-economia-europea\/\"> <span class=\"screen-reader-text\">Espa\u00f1a a la cabeza de la econom\u00eda Europea<\/span> Leer m\u00e1s &raquo;<\/a><\/p>\n","protected":false},"author":1,"featured_media":12487,"comment_status":"closed","ping_status":"closed","sticky":false,"template":"","format":"standard","meta":{"footnotes":""},"categories":[523],"tags":[893,892,891],"aioseo_notices":[],"_links":{"self":[{"href":"https:\/\/www.distritok.com\/blog\/wp-json\/wp\/v2\/posts\/12482"}],"collection":[{"href":"https:\/\/www.distritok.com\/blog\/wp-json\/wp\/v2\/posts"}],"about":[{"href":"https:\/\/www.distritok.com\/blog\/wp-json\/wp\/v2\/types\/post"}],"author":[{"embeddable":true,"href":"https:\/\/www.distritok.com\/blog\/wp-json\/wp\/v2\/users\/1"}],"replies":[{"embeddable":true,"href":"https:\/\/www.distritok.com\/blog\/wp-json\/wp\/v2\/comments?post=12482"}],"version-history":[{"count":2,"href":"https:\/\/www.distritok.com\/blog\/wp-json\/wp\/v2\/posts\/12482\/revisions"}],"predecessor-version":[{"id":12486,"href":"https:\/\/www.distritok.com\/blog\/wp-json\/wp\/v2\/posts\/12482\/revisions\/12486"}],"wp:featuredmedia":[{"embeddable":true,"href":"https:\/\/www.distritok.com\/blog\/wp-json\/wp\/v2\/media\/12487"}],"wp:attachment":[{"href":"https:\/\/www.distritok.com\/blog\/wp-json\/wp\/v2\/media?parent=12482"}],"wp:term":[{"taxonomy":"category","embeddable":true,"href":"https:\/\/www.distritok.com\/blog\/wp-json\/wp\/v2\/categories?post=12482"},{"taxonomy":"post_tag","embeddable":true,"href":"https:\/\/www.distritok.com\/blog\/wp-json\/wp\/v2\/tags?post=12482"}],"curies":[{"name":"wp","href":"https:\/\/api.w.org\/{rel}","templated":true}]}}