{"id":12762,"date":"2023-11-14T12:58:51","date_gmt":"2023-11-14T11:58:51","guid":{"rendered":"https:\/\/www.distritok.com\/blog\/?p=12762"},"modified":"2023-11-24T09:00:03","modified_gmt":"2023-11-24T08:00:03","slug":"webinar-en-colaboracion-con-gremi-de-comerciants-de-bicicletes-de-catalunya","status":"publish","type":"post","link":"https:\/\/www.distritok.com\/blog\/webinar-en-colaboracion-con-gremi-de-comerciants-de-bicicletes-de-catalunya\/","title":{"rendered":"Webinar en colaboraci\u00f3n con Gremi de Comerciants de Bicicletes de Catalunya"},"content":{"rendered":"\n<blockquote class=\"wp-block-quote is-style-large\"><p>El <a href=\"https:\/\/gremibicis.cat\/\">Gremi de Comerciants de Bicicletes de Catalunya<\/a> es una entidad para la representaci\u00f3n, gesti\u00f3n, defensa y fomento de los intereses profesionales comunes de los comerciantes de bicicletas del territorio catal\u00e1n.<\/p><\/blockquote>\n\n\n\n<figure class=\"wp-block-audio\"><audio controls src=\"https:\/\/www.distritok.com\/blog\/wp-content\/uploads\/2023\/11\/El-Gremi-de-Comerciants-de-Bic1699958637.mp3\"><\/audio><\/figure>\n\n\n\n<p>Fundada en el a\u00f1o 2002 ya cuenta con m\u00e1s de tiendas\nasociadas por toda Catalu\u00f1a.<\/p>\n\n\n\n<p>Sus \u00e1mbitos de actuaci\u00f3n son la defensa de los intereses y\nrealizaci\u00f3n de propuestas, formaci\u00f3n, realizaci\u00f3n de convenios, informaci\u00f3n y\nasesoramiento, apoyo y colaboraci\u00f3n con los cuerpos de seguridad.<\/p>\n\n\n\n<p><strong>Distrito K lleva m\u00e1s de 25 a\u00f1os implantando ERP en el sector bicicletas<\/strong>, tanto en tiendas, cadenas especializadas como fabricantes y mec\u00e1nicos, somos expertos en el sector, por ello <strong>hemos firmado un acuerdo de colaboraci\u00f3n con el Gremi de Comerciants de Bicicletes de Catalunya, con el que sus asociados conseguir\u00e1n unas condiciones muy ventajosas, adem\u00e1s de desarrollar funcionalidades espec\u00edficas. <\/strong><\/p>\n\n\n\n<p>Hoy tenemos el gusto de presentar un <strong>nuevo webinar que se celebrar\u00e1 el lunes 27\/11\/2023 de 10:00 a 11:00<\/strong>, y que hemos titulado: SQL TPV, el mejor ERP para el sector de la bicicleta. <\/p>\n\n\n\n<p>En este evento presentaremos una herramienta ERP modular y altamente parametrizable con la cual empresas de bicicletas pueden verse reflejadas.<\/p>\n\n\n\n<ul><li>Herramientas de movilidad<\/li><li>Business Intelligence<\/li><li>Sistemas e-commerce<\/li><li>CRM<\/li><li>Trazabilidad avanzada (talla, color, caducidad, bastidores&#8230;)<\/li><li>Escandallos, kits y art\u00edculos compuestos<\/li><li>TPV y factura electr\u00f3nica<\/li><li>Compras, ventas y almac\u00e9n<\/li><li>Conexi\u00f3n con dispositivos<\/li><li>Taller, reparaciones y mantenimientos<\/li><\/ul>\n\n\n\n<p>Reserva tu plaza cuanto antes <a href=\"https:\/\/register.gotowebinar.com\/register\/8409920784310154328\">pinchando aqu\u00ed<\/a>. <\/p>\n\n\n\n<figure class=\"wp-block-image\"><a href=\"https:\/\/register.gotowebinar.com\/register\/8409920784310154328\"><img loading=\"lazy\" decoding=\"async\" width=\"640\" height=\"85\" src=\"https:\/\/www.distritok.com\/blog\/wp-content\/uploads\/2023\/04\/boton-reserva-webinar.png\" alt=\"Reserva plaza webinar\" class=\"wp-image-11578\" srcset=\"https:\/\/www.distritok.com\/blog\/wp-content\/uploads\/2023\/04\/boton-reserva-webinar.png 640w, https:\/\/www.distritok.com\/blog\/wp-content\/uploads\/2023\/04\/boton-reserva-webinar-300x40.png 300w\" sizes=\"(max-width: 640px) 100vw, 640px\" \/><\/a><\/figure>\n","protected":false},"excerpt":{"rendered":"<p>El Gremi de Comerciants de Bicicletes de Catalunya es una entidad para la representaci\u00f3n, gesti\u00f3n, defensa y fomento de los intereses profesionales comunes de los comerciantes de bicicletas del territorio catal\u00e1n. Fundada en el a\u00f1o 2002 ya cuenta con m\u00e1s de tiendas asociadas por toda Catalu\u00f1a. Sus \u00e1mbitos de actuaci\u00f3n son la defensa de los &hellip;<\/p>\n<p class=\"read-more\"> <a class=\"\" href=\"https:\/\/www.distritok.com\/blog\/webinar-en-colaboracion-con-gremi-de-comerciants-de-bicicletes-de-catalunya\/\"> <span class=\"screen-reader-text\">Webinar en colaboraci\u00f3n con Gremi de Comerciants de Bicicletes de Catalunya<\/span> Leer m\u00e1s &raquo;<\/a><\/p>\n","protected":false},"author":1,"featured_media":12769,"comment_status":"closed","ping_status":"closed","sticky":false,"template":"","format":"standard","meta":{"footnotes":""},"categories":[1,820],"tags":[775],"aioseo_notices":[],"_links":{"self":[{"href":"https:\/\/www.distritok.com\/blog\/wp-json\/wp\/v2\/posts\/12762"}],"collection":[{"href":"https:\/\/www.distritok.com\/blog\/wp-json\/wp\/v2\/posts"}],"about":[{"href":"https:\/\/www.distritok.com\/blog\/wp-json\/wp\/v2\/types\/post"}],"author":[{"embeddable":true,"href":"https:\/\/www.distritok.com\/blog\/wp-json\/wp\/v2\/users\/1"}],"replies":[{"embeddable":true,"href":"https:\/\/www.distritok.com\/blog\/wp-json\/wp\/v2\/comments?post=12762"}],"version-history":[{"count":7,"href":"https:\/\/www.distritok.com\/blog\/wp-json\/wp\/v2\/posts\/12762\/revisions"}],"predecessor-version":[{"id":12778,"href":"https:\/\/www.distritok.com\/blog\/wp-json\/wp\/v2\/posts\/12762\/revisions\/12778"}],"wp:featuredmedia":[{"embeddable":true,"href":"https:\/\/www.distritok.com\/blog\/wp-json\/wp\/v2\/media\/12769"}],"wp:attachment":[{"href":"https:\/\/www.distritok.com\/blog\/wp-json\/wp\/v2\/media?parent=12762"}],"wp:term":[{"taxonomy":"category","embeddable":true,"href":"https:\/\/www.distritok.com\/blog\/wp-json\/wp\/v2\/categories?post=12762"},{"taxonomy":"post_tag","embeddable":true,"href":"https:\/\/www.distritok.com\/blog\/wp-json\/wp\/v2\/tags?post=12762"}],"curies":[{"name":"wp","href":"https:\/\/api.w.org\/{rel}","templated":true}]}}