{"id":12834,"date":"2024-02-07T08:50:17","date_gmt":"2024-02-07T07:50:17","guid":{"rendered":"https:\/\/www.distritok.com\/blog\/?p=12834"},"modified":"2025-09-30T10:49:50","modified_gmt":"2025-09-30T08:49:50","slug":"expocadena-2024-nos-vemos-en-sevilla","status":"publish","type":"post","link":"https:\/\/www.distritok.com\/blog\/expocadena-2024-nos-vemos-en-sevilla\/","title":{"rendered":"ExpoCadena 2024! Nos vemos en Sevilla"},"content":{"rendered":"\n<blockquote class=\"wp-block-quote is-style-large\"><p><strong>ExpoCadena es una de las ferias m\u00e1s importantes del sector de la ferreter\u00eda y bricolaje adem\u00e1s de ser la feria de negocios anual del grupo Ehlis<\/strong>, l\u00edder en la distribuci\u00f3n de productos de ferreter\u00eda, bricolaje y jardiner\u00eda en Espa\u00f1a. Hablar de Grupo Ehlis es hablar de historia, trabajo y progreso en el mundo empresarial y en el sector de la ferreter\u00eda. <\/p><\/blockquote>\n\n\n\n<figure class=\"wp-block-audio\"><audio controls src=\"https:\/\/www.distritok.com\/blog\/wp-content\/uploads\/2024\/02\/ExpoCadena-es-una-de-las-feria1707126964.mp3\"><\/audio><\/figure>\n\n\n\n<p>Esta feria tiene como objetivo establecer relaciones comerciales con empresas del mismo ramo, adem\u00e1s de proveedoras de servicios de todo tipo.<\/p>\n\n\n\n<p>Este a\u00f1o se celebrar\u00e1 en Sevilla los d\u00edas 22, 23 y 24 de\nfebrero, en Fibes, Palacio de Congresos y Exposiciones de Sevilla, y contar\u00e1\ncon una superficie expositiva de unos 32.000 metros cuadrados, en los que se\ndar\u00e1n cita 300 expositores.<\/p>\n\n\n\n<p><strong>Nos complace anunciar que Distrito K, gracias al acuerdo alcanzado con Ehlis SA para los asociados de Cadena 88, ser\u00e1 uno de los expositores en esta importante feria<\/strong>, pudiendo presentar sus soluciones de gesti\u00f3n completamente adaptadas al sector ferrer\u00eda con un sistema que permite la conexi\u00f3n autom\u00e1tica con la base de datos de Cadena 88.<\/p>\n\n\n\n<p><strong>Estaremos ubicados en el pabell\u00f3n 1, Stand: 1D91. <\/strong><\/p>\n\n\n\n<p>Distrito K dispone de un <a href=\"https:\/\/www.distritok.com\/sectores\/ferreteria\/\">software de gesti\u00f3n especializado en el sector ferreter\u00eda y suministros industriales,<\/a> por ello hemos firmado un acuerdo de colaboraci\u00f3n que ofrece un sistema ERP verticalizado y que resuelve todas las necesidades del sector ferretero, obteniendo unas condiciones muy ventajosas para los asociados.<\/p>\n\n\n\n<p>ExpoCadena 2024. Nos vemos en Sevilla<\/p>\n","protected":false},"excerpt":{"rendered":"<p>ExpoCadena es una de las ferias m\u00e1s importantes del sector de la ferreter\u00eda y bricolaje adem\u00e1s de ser la feria de negocios anual del grupo Ehlis, l\u00edder en la distribuci\u00f3n de productos de ferreter\u00eda, bricolaje y jardiner\u00eda en Espa\u00f1a. Hablar de Grupo Ehlis es hablar de historia, trabajo y progreso en el mundo empresarial y &hellip;<\/p>\n<p class=\"read-more\"> <a class=\"\" href=\"https:\/\/www.distritok.com\/blog\/expocadena-2024-nos-vemos-en-sevilla\/\"> <span class=\"screen-reader-text\">ExpoCadena 2024! Nos vemos en Sevilla<\/span> Leer m\u00e1s &raquo;<\/a><\/p>\n","protected":false},"author":1,"featured_media":12835,"comment_status":"closed","ping_status":"closed","sticky":false,"template":"","format":"standard","meta":{"footnotes":""},"categories":[523],"tags":[911,455],"aioseo_notices":[],"_links":{"self":[{"href":"https:\/\/www.distritok.com\/blog\/wp-json\/wp\/v2\/posts\/12834"}],"collection":[{"href":"https:\/\/www.distritok.com\/blog\/wp-json\/wp\/v2\/posts"}],"about":[{"href":"https:\/\/www.distritok.com\/blog\/wp-json\/wp\/v2\/types\/post"}],"author":[{"embeddable":true,"href":"https:\/\/www.distritok.com\/blog\/wp-json\/wp\/v2\/users\/1"}],"replies":[{"embeddable":true,"href":"https:\/\/www.distritok.com\/blog\/wp-json\/wp\/v2\/comments?post=12834"}],"version-history":[{"count":1,"href":"https:\/\/www.distritok.com\/blog\/wp-json\/wp\/v2\/posts\/12834\/revisions"}],"predecessor-version":[{"id":12837,"href":"https:\/\/www.distritok.com\/blog\/wp-json\/wp\/v2\/posts\/12834\/revisions\/12837"}],"wp:featuredmedia":[{"embeddable":true,"href":"https:\/\/www.distritok.com\/blog\/wp-json\/wp\/v2\/media\/12835"}],"wp:attachment":[{"href":"https:\/\/www.distritok.com\/blog\/wp-json\/wp\/v2\/media?parent=12834"}],"wp:term":[{"taxonomy":"category","embeddable":true,"href":"https:\/\/www.distritok.com\/blog\/wp-json\/wp\/v2\/categories?post=12834"},{"taxonomy":"post_tag","embeddable":true,"href":"https:\/\/www.distritok.com\/blog\/wp-json\/wp\/v2\/tags?post=12834"}],"curies":[{"name":"wp","href":"https:\/\/api.w.org\/{rel}","templated":true}]}}