{"id":12851,"date":"2024-03-19T11:35:05","date_gmt":"2024-03-19T10:35:05","guid":{"rendered":"https:\/\/www.distritok.com\/blog\/?p=12851"},"modified":"2024-03-19T11:46:30","modified_gmt":"2024-03-19T10:46:30","slug":"resumen-expocadena-2024","status":"publish","type":"post","link":"https:\/\/www.distritok.com\/blog\/resumen-expocadena-2024\/","title":{"rendered":"Resumen Expocadena 2024"},"content":{"rendered":"\n<blockquote class=\"wp-block-quote is-style-large\"><p>Tras el primer a\u00f1o de asistencia de Distrito K a ExpoCadena 2024, solo podemos sentirnos muy satisfechos del gran balance obtenido. <\/p><\/blockquote>\n\n\n\n<figure class=\"wp-block-audio\"><audio controls src=\"https:\/\/www.distritok.com\/blog\/wp-content\/uploads\/2024\/03\/Tras-el-primer-a\u00f1o-de-asistenc1710837789.mp3\"><\/audio><\/figure>\n\n\n\n<p>ExpoCadena es una de las ferias m\u00e1s importantes del sector de la ferreter\u00eda y bricolaje adem\u00e1s de ser la feria de negocios anual del grupo Ehlis, l\u00edder en la distribuci\u00f3n de productos de ferreter\u00eda, bricolaje y jardiner\u00eda en Espa\u00f1a. Hablar de Grupo Ehlis es hablar de historia, trabajo y progreso en el mundo empresarial y en el sector de la ferreter\u00eda.<\/p>\n\n\n\n<p><a href=\"https:\/\/www.distritok.com\/blog\/acuerdo-de-colaboracion-entre-ehlis-cadena88-distrito-k\/\">Distrito K ha alcanzado con Ehlis la firma de un beneficioso acuerdo para los asociados de Cadena 88<\/a>, que adem\u00e1s de obtener unas condiciones muy ventajosas, disponen de un sistema que permite la conexi\u00f3n autom\u00e1tica con la base de datos de Cadena 88 obteniendo datos como:<\/p>\n\n\n\n<ul><li><strong>Importaci\u00f3n de tarifas Ehlis<\/strong>; Creaci\u00f3n y actualizaci\u00f3n de referencias conectado con la central de compras.<\/li><li><strong>Importaci\u00f3n de tarifas de proveedor<\/strong>; Creaci\u00f3n y actualizaci\u00f3n de referencias de los proveedores de Grupo Ehlis. <\/li><li><strong>Env\u00edo de pedidos a Ehlis<\/strong>; Env\u00edo autom\u00e1tico de pedidos de compras a la centra y control del estado del mismo.<\/li><li><strong>Recepci\u00f3n de albaranes Ehlis<\/strong>; Recepci\u00f3n de los albaranes de compra pendientes y trazabilidad con sus pedidos. <\/li><li><strong>Importaci\u00f3n de ofertas<\/strong>; Importaci\u00f3n de condiciones de oferta con control de fechas inicio\/fin.<\/li><li><strong>Consulta de stock desde documentos<\/strong>; Consulta del stock en almac\u00e9n de Ehlis e informaci\u00f3n de disponibilidad. <\/li><\/ul>\n\n\n\n<p>Agradecer a todo el equipo de Ehlis por dejarnos compartir\nun evento tan interesante como este, en donde hemos podido conocer a gran\nequipo humano y una de las empresas m\u00e1s importante y referente en el mundo de\nla ferreter\u00eda y suministros industriales en Espa\u00f1a. Seguiremos trabajando\nintensamente para que los asociados de Cadena88 dispongan del mejor software de\ngesti\u00f3n para ferreter\u00eda. <\/p>\n\n\n\n<p><strong>Nos vemos en #expocadena2025<\/strong><\/p>\n","protected":false},"excerpt":{"rendered":"<p>Tras el primer a\u00f1o de asistencia de Distrito K a ExpoCadena 2024, solo podemos sentirnos muy satisfechos del gran balance obtenido. ExpoCadena es una de las ferias m\u00e1s importantes del sector de la ferreter\u00eda y bricolaje adem\u00e1s de ser la feria de negocios anual del grupo Ehlis, l\u00edder en la distribuci\u00f3n de productos de ferreter\u00eda, &hellip;<\/p>\n<p class=\"read-more\"> <a class=\"\" href=\"https:\/\/www.distritok.com\/blog\/resumen-expocadena-2024\/\"> <span class=\"screen-reader-text\">Resumen Expocadena 2024<\/span> Leer m\u00e1s &raquo;<\/a><\/p>\n","protected":false},"author":1,"featured_media":12852,"comment_status":"closed","ping_status":"closed","sticky":false,"template":"","format":"standard","meta":{"footnotes":""},"categories":[523],"tags":[911,455],"aioseo_notices":[],"_links":{"self":[{"href":"https:\/\/www.distritok.com\/blog\/wp-json\/wp\/v2\/posts\/12851"}],"collection":[{"href":"https:\/\/www.distritok.com\/blog\/wp-json\/wp\/v2\/posts"}],"about":[{"href":"https:\/\/www.distritok.com\/blog\/wp-json\/wp\/v2\/types\/post"}],"author":[{"embeddable":true,"href":"https:\/\/www.distritok.com\/blog\/wp-json\/wp\/v2\/users\/1"}],"replies":[{"embeddable":true,"href":"https:\/\/www.distritok.com\/blog\/wp-json\/wp\/v2\/comments?post=12851"}],"version-history":[{"count":4,"href":"https:\/\/www.distritok.com\/blog\/wp-json\/wp\/v2\/posts\/12851\/revisions"}],"predecessor-version":[{"id":12857,"href":"https:\/\/www.distritok.com\/blog\/wp-json\/wp\/v2\/posts\/12851\/revisions\/12857"}],"wp:featuredmedia":[{"embeddable":true,"href":"https:\/\/www.distritok.com\/blog\/wp-json\/wp\/v2\/media\/12852"}],"wp:attachment":[{"href":"https:\/\/www.distritok.com\/blog\/wp-json\/wp\/v2\/media?parent=12851"}],"wp:term":[{"taxonomy":"category","embeddable":true,"href":"https:\/\/www.distritok.com\/blog\/wp-json\/wp\/v2\/categories?post=12851"},{"taxonomy":"post_tag","embeddable":true,"href":"https:\/\/www.distritok.com\/blog\/wp-json\/wp\/v2\/tags?post=12851"}],"curies":[{"name":"wp","href":"https:\/\/api.w.org\/{rel}","templated":true}]}}