{"id":12977,"date":"2025-02-20T15:08:59","date_gmt":"2025-02-20T14:08:59","guid":{"rendered":"https:\/\/www.distritok.com\/blog\/?p=12977"},"modified":"2025-09-30T10:50:21","modified_gmt":"2025-09-30T08:50:21","slug":"visitanos-en-expocadena-2025","status":"publish","type":"post","link":"https:\/\/www.distritok.com\/blog\/visitanos-en-expocadena-2025\/","title":{"rendered":"Vis\u00edtanos en ExpoCadena 2025"},"content":{"rendered":"\n<blockquote class=\"wp-block-quote is-style-large\"><p>La edici\u00f3n 2025 de ExpoCadena tendr\u00e1 lugar en el BEC Barakaldo los d\u00edas <strong>21 y 22 de febrero<\/strong>.<\/p><\/blockquote>\n\n\n\n<p>Este a\u00f1o volvemos a ser uno de los expositores en esta importante feria organizada por <a href=\"https:\/\/www.ehlis.es\/es\">Ehlis<\/a>, donde presentaremos nuestras <a href=\"https:\/\/www.distritok.com\/sectores\/ferreteria\/\">soluciones de gesti\u00f3n completamente adaptadas al sector ferreter\u00eda<\/a> con un sistema que permite la conexi\u00f3n autom\u00e1tica con la base de datos de Cadena 88.\n<\/p>\n<p> Ven a conocer todas las novedades del mejor software para ferreter\u00edas, <strong>vis\u00edtanos en nuestro stand situado en el pabell\u00f3n 1<\/strong> y te ense\u00f1amos nuestro programa.\n<\/p>\n<p>Durante m\u00e1s de 25 a\u00f1os nos hemos dedicado a desarrollar e implantar software de gesti\u00f3n empresarial. Implementamos las soluciones tecnol\u00f3gicas m\u00e1s robustas e innovadores acorde a los tiempos y las necesidades empresariales. En Distrito K seguimos creciendo y nuestro principal objetivo es hacer crecer a nuestros clientes.\n<\/p>\n","protected":false},"excerpt":{"rendered":"<p>La edici\u00f3n 2025 de ExpoCadena tendr\u00e1 lugar en el BEC Barakaldo los d\u00edas 21 y 22 de febrero. Este a\u00f1o volvemos a ser uno de los expositores en esta importante feria organizada por Ehlis, donde presentaremos nuestras soluciones de gesti\u00f3n completamente adaptadas al sector ferreter\u00eda con un sistema que permite la conexi\u00f3n autom\u00e1tica con la &hellip;<\/p>\n<p class=\"read-more\"> <a class=\"\" href=\"https:\/\/www.distritok.com\/blog\/visitanos-en-expocadena-2025\/\"> <span class=\"screen-reader-text\">Vis\u00edtanos en ExpoCadena 2025<\/span> Leer m\u00e1s &raquo;<\/a><\/p>\n","protected":false},"author":1,"featured_media":12982,"comment_status":"closed","ping_status":"closed","sticky":false,"template":"","format":"standard","meta":{"footnotes":""},"categories":[523,1],"tags":[911,455],"aioseo_notices":[],"_links":{"self":[{"href":"https:\/\/www.distritok.com\/blog\/wp-json\/wp\/v2\/posts\/12977"}],"collection":[{"href":"https:\/\/www.distritok.com\/blog\/wp-json\/wp\/v2\/posts"}],"about":[{"href":"https:\/\/www.distritok.com\/blog\/wp-json\/wp\/v2\/types\/post"}],"author":[{"embeddable":true,"href":"https:\/\/www.distritok.com\/blog\/wp-json\/wp\/v2\/users\/1"}],"replies":[{"embeddable":true,"href":"https:\/\/www.distritok.com\/blog\/wp-json\/wp\/v2\/comments?post=12977"}],"version-history":[{"count":8,"href":"https:\/\/www.distritok.com\/blog\/wp-json\/wp\/v2\/posts\/12977\/revisions"}],"predecessor-version":[{"id":13574,"href":"https:\/\/www.distritok.com\/blog\/wp-json\/wp\/v2\/posts\/12977\/revisions\/13574"}],"wp:featuredmedia":[{"embeddable":true,"href":"https:\/\/www.distritok.com\/blog\/wp-json\/wp\/v2\/media\/12982"}],"wp:attachment":[{"href":"https:\/\/www.distritok.com\/blog\/wp-json\/wp\/v2\/media?parent=12977"}],"wp:term":[{"taxonomy":"category","embeddable":true,"href":"https:\/\/www.distritok.com\/blog\/wp-json\/wp\/v2\/categories?post=12977"},{"taxonomy":"post_tag","embeddable":true,"href":"https:\/\/www.distritok.com\/blog\/wp-json\/wp\/v2\/tags?post=12977"}],"curies":[{"name":"wp","href":"https:\/\/api.w.org\/{rel}","templated":true}]}}