{"id":12988,"date":"2025-02-25T12:24:23","date_gmt":"2025-02-25T11:24:23","guid":{"rendered":"https:\/\/www.distritok.com\/blog\/?p=12988"},"modified":"2025-02-25T12:29:09","modified_gmt":"2025-02-25T11:29:09","slug":"expocadena2025","status":"publish","type":"post","link":"https:\/\/www.distritok.com\/blog\/expocadena2025\/","title":{"rendered":"\u00a1Otro a\u00f1o m\u00e1s en ExpoCadena2025!"},"content":{"rendered":"\n<blockquote class=\"wp-block-quote is-style-large\">\n<p>Tras nuestra exitosa primera asistencia en 2024, este a\u00f1o en <strong>ExpoCadena 2025<\/strong> volvemos a hacer un balance muy positivo de nuestra participaci\u00f3n.<\/p>\n<\/blockquote>\n\n\n\n<p><p>\nEsta feria, organizada por <a href=\"https:\/\/www.ehlis.es\/es\">Grupo Ehlis<\/a>, sigue siendo un referente en el sector de la ferreter\u00eda y bricolaje, y un punto de encuentro clave para los profesionales del sector.\n<\/p>\n<p>\n&#x1f680; Distrito K contin\u00faa consolidando su presencia y fortaleciendo su acuerdo con Ehlis, ofreciendo a los asociados de Cadena 88 un <a href=\"https:\/\/www.distritok.com\/sectores\/ferreteria\/\">sistema de gesti\u00f3n avanzado que permite la conexi\u00f3n autom\u00e1tica con su base de datos<\/a>, adem\u00e1s de unas condiciones excepcionales.\n<\/p>\n<p>\n&#x1f44f; Agradecemos a todo el equipo de Ehlis por hacernos parte de este gran evento y permitirnos compartir experiencias con un equipo humano de primer nivel. \u00a1Seguiremos trabajando para que los asociados de Cadena 88 dispongan del mejor software de gesti\u00f3n para ferreter\u00edas!\n<\/p><\/p>\n\n\n\n<figure class=\"wp-block-video\"><video controls src=\"https:\/\/www.distritok.com\/blog\/wp-content\/uploads\/2025\/02\/img-post.mp4\"><\/video><\/figure>\n","protected":false},"excerpt":{"rendered":"<p>Tras nuestra exitosa primera asistencia en 2024, este a\u00f1o en ExpoCadena 2025 volvemos a hacer un balance muy positivo de nuestra participaci\u00f3n. Esta feria, organizada por Grupo Ehlis, sigue siendo un referente en el sector de la ferreter\u00eda y bricolaje, y un punto de encuentro clave para los profesionales del sector. &#x1f680; Distrito K contin\u00faa &hellip;<\/p>\n<p class=\"read-more\"> <a class=\"\" href=\"https:\/\/www.distritok.com\/blog\/expocadena2025\/\"> <span class=\"screen-reader-text\">\u00a1Otro a\u00f1o m\u00e1s en ExpoCadena2025!<\/span> Leer m\u00e1s &raquo;<\/a><\/p>\n","protected":false},"author":1,"featured_media":12989,"comment_status":"closed","ping_status":"closed","sticky":false,"template":"","format":"standard","meta":{"footnotes":""},"categories":[523],"tags":[911,455],"aioseo_notices":[],"_links":{"self":[{"href":"https:\/\/www.distritok.com\/blog\/wp-json\/wp\/v2\/posts\/12988"}],"collection":[{"href":"https:\/\/www.distritok.com\/blog\/wp-json\/wp\/v2\/posts"}],"about":[{"href":"https:\/\/www.distritok.com\/blog\/wp-json\/wp\/v2\/types\/post"}],"author":[{"embeddable":true,"href":"https:\/\/www.distritok.com\/blog\/wp-json\/wp\/v2\/users\/1"}],"replies":[{"embeddable":true,"href":"https:\/\/www.distritok.com\/blog\/wp-json\/wp\/v2\/comments?post=12988"}],"version-history":[{"count":5,"href":"https:\/\/www.distritok.com\/blog\/wp-json\/wp\/v2\/posts\/12988\/revisions"}],"predecessor-version":[{"id":12999,"href":"https:\/\/www.distritok.com\/blog\/wp-json\/wp\/v2\/posts\/12988\/revisions\/12999"}],"wp:featuredmedia":[{"embeddable":true,"href":"https:\/\/www.distritok.com\/blog\/wp-json\/wp\/v2\/media\/12989"}],"wp:attachment":[{"href":"https:\/\/www.distritok.com\/blog\/wp-json\/wp\/v2\/media?parent=12988"}],"wp:term":[{"taxonomy":"category","embeddable":true,"href":"https:\/\/www.distritok.com\/blog\/wp-json\/wp\/v2\/categories?post=12988"},{"taxonomy":"post_tag","embeddable":true,"href":"https:\/\/www.distritok.com\/blog\/wp-json\/wp\/v2\/tags?post=12988"}],"curies":[{"name":"wp","href":"https:\/\/api.w.org\/{rel}","templated":true}]}}