{"id":13162,"date":"2025-04-29T09:00:00","date_gmt":"2025-04-29T07:00:00","guid":{"rendered":"https:\/\/www.distritok.com\/blog\/?p=13162"},"modified":"2025-04-21T15:28:36","modified_gmt":"2025-04-21T13:28:36","slug":"que-es-el-proyecto-vida","status":"publish","type":"post","link":"https:\/\/www.distritok.com\/blog\/que-es-el-proyecto-vida\/","title":{"rendered":"\u00bfQu\u00e9 es el proyecto ViDA?"},"content":{"rendered":"\n<blockquote class=\"wp-block-quote is-style-large\">\n<p>Descubre c\u00f3mo el proyecto ViDA transformar\u00e1 el IVA en la UE con la factura electr\u00f3nica obligatoria. Conoce fechas clave y beneficios para tu empresa.\n<\/p>\n<\/blockquote>\n\n\n<p class=\"titularentrada\">\u00bfQu\u00e9 es?\n<\/p>\n\n\n<p>El proyecto ViDA (VAT in the Digital Age) es una iniciativa de la Uni\u00f3n Europea para modernizar el sistema del IVA (Impuesto sobre el Valor A\u00f1adido) en la era digital.<\/p>\n\n\n<p>Fue propuesto por la <a href=\"https:\/\/eur-lex.europa.eu\/legal-content\/ES\/TXT\/PDF\/?uri=CELEX:52022PC0701\">Comisi\u00f3n Europea en diciembre de 2022<\/a> y busca mejorar la recaudaci\u00f3n, reducir el fraude fiscal y simplificar las obligaciones de las empresas dentro del mercado \u00fanico. La reforma supone la primera vez que se regula a nivel de la UE la factura electr\u00f3nica (e-invoicing) y el establecimiento de un sistema de suministro digital inmediato de informaci\u00f3n (e-reporting) para operaciones intracomunitarias.<\/p>\n\n\n<p class=\"titularentrada\">Objetivos principales\n<\/p>\n\n\n<ul>\n<li><p>Reducir el fraude del IVA (que causa p\u00e9rdidas millonarias a los pa\u00edses de la UE).<\/p>\n<\/li>\n<li><p>Hacer que las empresas cumplan con el IVA de forma m\u00e1s sencilla y menos costosa.<\/p>\n<\/li>\n<li><p>Adaptar el sistema fiscal europeo a la econom\u00eda digital y el comercio transfronterizo.<\/p>\n<\/li>\n<\/ul>\n\n\n<p>El proyecto ViDA est\u00e1 en proceso de implementaci\u00f3n, y algunas medidas entrar\u00e1n en vigor entre 2024 y 2028. En esta materia, Espa\u00f1a, por un lado, lleva tiempo aplicando el SII y ahora va a poner en marcha los nuevos Sistemas Inform\u00e1ticos de Facturaci\u00f3n (SIF) con la opci\u00f3n de suministro de informaci\u00f3n <a href=\"https:\/\/www.distritok.com\/blog\/verifactu-ya-es-oficial-la-fecha-de-entrada-en-vigor-para-empresas-y-profesionales\/?utm_source=blog&amp;utm_medium=web&amp;utm_campaign=verifactu\">VeriFactu<\/a>. Por otro, ultima el nuevo sistema espa\u00f1ol de facturaci\u00f3n electr\u00f3nica entre empresas con la vista puesta en el est\u00e1ndar europeo. El 11 de marzo de 2025, el Consejo de la Uni\u00f3n Europea dio su visto bueno definitivo al proyecto ViDA, tras su aprobaci\u00f3n por el Parlamento Europeo el 12 de febrero de 2025. Esta directiva, junto con su reglamento y reglamento de ejecuci\u00f3n, entrar\u00e1 en vigor 20 d\u00edas despu\u00e9s de su publicaci\u00f3n en el Diario Oficial de la UE.<\/p>\n\n\n<p class=\"titularentrada\">\u00bfCu\u00e1ndo ser\u00e1 obligatoria la factura electr\u00f3nica en la UE?\n<\/p>\n\n\n<p>La obligatoriedad de la utilizaci\u00f3n de la factura electr\u00f3nica en las operaciones intracomunitarias entre empresas est\u00e1 prevista en la primera fase de la implantaci\u00f3n del proyecto ViDA.<\/p>\n\n\n<ul>\n<li><p><strong>1 de julio de 2030:<\/strong> Ser\u00e1 obligatoria para todas las transacciones B2B intra-UE y aquellas sujetas a la inversi\u00f3n del sujeto pasivo.<\/p>\n<\/li>\n<li><p><strong>1 de enero de 2035:<\/strong> Todos los sistemas de facturaci\u00f3n electr\u00f3nica existentes antes de 2024 deber\u00e1n estar armonizados con los est\u00e1ndares de la UE.<\/p>\n<\/li>\n<\/ul>\n\n\n<p class=\"titularentrada\">Calendario de implantaci\u00f3n del proyecto ViDA\n<\/p>\n\n\n<p>El calendario del proyecto ViDA establece fechas concretas para la adopci\u00f3n de la factura electr\u00f3nica obligatoria en la UE, asegurando una transici\u00f3n progresiva para empresas y administraciones fiscales.<\/p>\n\n\n<p>Estas son las fechas clave:<\/p>\n\n\n<ul>\n<li><p><strong>En 2025:<\/strong> los Estados miembros podr\u00e1n implementar la facturaci\u00f3n electr\u00f3nica obligatoria en las transacciones nacionales B2B Y B2C. Sin necesitar la aprobaci\u00f3n de la Comisi\u00f3n Europea.<\/p>\n<\/li>\n<li><p><strong>1 de enero de 2027:<\/strong> actualizaciones en el paquete de comercio electr\u00f3nico; ampliaci\u00f3n del OSS a los suministros de electricidad, gas y calor.<\/p>\n<\/li>\n<li><p><strong>1 de julio de 2028:<\/strong> registro \u00fanico de IVA (extensi\u00f3n del OSS a todos los suministros B2C, transferencias de stock y aplicaci\u00f3n del mecanismo de inversi\u00f3n del sujeto pasivo obligatoria). As\u00ed como la implementaci\u00f3n voluntaria de la regla de proveedor considerado para plataformas de alojamiento y movilidad.<\/p>\n<\/li>\n<li><p><strong>1 de enero de 2030:<\/strong> obligaciones ampliadas de IVA para plataformas: implementaci\u00f3n obligatoria de la regla de proveedor considerado para plataformas de alojamiento y movilidad.<\/p>\n<\/li>\n<li><p><strong>1 de julio de 2030:<\/strong> la facturaci\u00f3n electr\u00f3nica ser\u00e1 obligatoria para las transacciones B2B intra-UE y aquellas sujetas a la inversi\u00f3n del sujeto pasivo. Adem\u00e1s, ser\u00e1n obligatorios los requisitos de Reporte Digital (DRR) de dichas facturas.<\/p>\n<\/li>\n<li><p><strong>1 de enero de 2035:<\/strong> los sistemas de facturaci\u00f3n electr\u00f3nica existentes antes de 2024 deber\u00e1n estar armonizados con los est\u00e1ndares de la UE.<\/p>\n<\/li>\n<\/ul>\n\n\n<figure class=\"wp-block-image size-large\"><a href=\"https:\/\/www.distritok.com\/campaign\/presencia-verifactu\/?utm_source=blog&amp;utm_medium=web&amp;utm_campaign=verifactu\"><img loading=\"lazy\" decoding=\"async\" width=\"1024\" height=\"369\" src=\"https:\/\/www.distritok.com\/blog\/wp-content\/uploads\/2025\/03\/img-contenido-1024x369.jpg\" alt=\"Verifactu\" class=\"wp-image-13012\" srcset=\"https:\/\/www.distritok.com\/blog\/wp-content\/uploads\/2025\/03\/img-contenido-1024x369.jpg 1024w, https:\/\/www.distritok.com\/blog\/wp-content\/uploads\/2025\/03\/img-contenido-300x108.jpg 300w, https:\/\/www.distritok.com\/blog\/wp-content\/uploads\/2025\/03\/img-contenido-768x277.jpg 768w, https:\/\/www.distritok.com\/blog\/wp-content\/uploads\/2025\/03\/img-contenido.jpg 1200w\" sizes=\"(max-width: 1024px) 100vw, 1024px\" \/><\/a><\/figure>\n","protected":false},"excerpt":{"rendered":"<p>Descubre c\u00f3mo el proyecto ViDA transformar\u00e1 el IVA en la UE con la factura electr\u00f3nica obligatoria. Conoce fechas clave y beneficios para tu empresa. \u00bfQu\u00e9 es? El proyecto ViDA (VAT in the Digital Age) es una iniciativa de la Uni\u00f3n Europea para modernizar el sistema del IVA (Impuesto sobre el Valor A\u00f1adido) en la era &hellip;<\/p>\n<p class=\"read-more\"> <a class=\"\" href=\"https:\/\/www.distritok.com\/blog\/que-es-el-proyecto-vida\/\"> <span class=\"screen-reader-text\">\u00bfQu\u00e9 es el proyecto ViDA?<\/span> Leer m\u00e1s &raquo;<\/a><\/p>\n","protected":false},"author":1,"featured_media":13163,"comment_status":"closed","ping_status":"closed","sticky":false,"template":"","format":"standard","meta":{"footnotes":""},"categories":[523],"tags":[331,919],"aioseo_notices":[],"_links":{"self":[{"href":"https:\/\/www.distritok.com\/blog\/wp-json\/wp\/v2\/posts\/13162"}],"collection":[{"href":"https:\/\/www.distritok.com\/blog\/wp-json\/wp\/v2\/posts"}],"about":[{"href":"https:\/\/www.distritok.com\/blog\/wp-json\/wp\/v2\/types\/post"}],"author":[{"embeddable":true,"href":"https:\/\/www.distritok.com\/blog\/wp-json\/wp\/v2\/users\/1"}],"replies":[{"embeddable":true,"href":"https:\/\/www.distritok.com\/blog\/wp-json\/wp\/v2\/comments?post=13162"}],"version-history":[{"count":9,"href":"https:\/\/www.distritok.com\/blog\/wp-json\/wp\/v2\/posts\/13162\/revisions"}],"predecessor-version":[{"id":13197,"href":"https:\/\/www.distritok.com\/blog\/wp-json\/wp\/v2\/posts\/13162\/revisions\/13197"}],"wp:featuredmedia":[{"embeddable":true,"href":"https:\/\/www.distritok.com\/blog\/wp-json\/wp\/v2\/media\/13163"}],"wp:attachment":[{"href":"https:\/\/www.distritok.com\/blog\/wp-json\/wp\/v2\/media?parent=13162"}],"wp:term":[{"taxonomy":"category","embeddable":true,"href":"https:\/\/www.distritok.com\/blog\/wp-json\/wp\/v2\/categories?post=13162"},{"taxonomy":"post_tag","embeddable":true,"href":"https:\/\/www.distritok.com\/blog\/wp-json\/wp\/v2\/tags?post=13162"}],"curies":[{"name":"wp","href":"https:\/\/api.w.org\/{rel}","templated":true}]}}