{"id":13580,"date":"2025-10-03T11:14:12","date_gmt":"2025-10-03T09:14:12","guid":{"rendered":"https:\/\/www.distritok.com\/blog\/?p=13580"},"modified":"2025-10-03T11:17:27","modified_gmt":"2025-10-03T09:17:27","slug":"webinar-en-colaboracion-con-la-camara-de-comercio-de-a-coruna","status":"publish","type":"post","link":"https:\/\/www.distritok.com\/blog\/webinar-en-colaboracion-con-la-camara-de-comercio-de-a-coruna\/","title":{"rendered":"Webinar en colaboraci\u00f3n con la C\u00e1mara de comercio de A Coru\u00f1a"},"content":{"rendered":"\n<blockquote class=\"wp-block-quote is-style-large\">\n<p>La digitalizaci\u00f3n empresarial avanza a gran velocidad y la llegada de <a href=\"https:\/\/www.distritok.com\/blog\/?s=Verifactu\">Verifactu<\/a> supone un hito en la forma en que las empresas deben gestionar su facturaci\u00f3n y su relaci\u00f3n con la Agencia Tributaria. Con el objetivo de ayudar a pymes, aut\u00f3nomos y emprendedores a comprender esta nueva obligaci\u00f3n y a aprovecharla como una oportunidad para modernizar su gesti\u00f3n, se organiza este webinar gratuito en colaboraci\u00f3n con la C\u00e1mara de Comercio de A Coru\u00f1a.<\/p>\n<\/blockquote>\n\n\n\n<p>La sesi\u00f3n tendr\u00e1 lugar el <strong>jueves 9 de octubre a las 10:00h<\/strong> y ofrecer\u00e1 una visi\u00f3n completa de lo que implica Verifactu, su calendario de implantaci\u00f3n, a qui\u00e9n afecta, as\u00ed como las soluciones disponibles para garantizar el cumplimiento normativo de manera sencilla y eficiente.<\/p>\n\n\n\n<figure class=\"wp-block-image size-full\"><img loading=\"lazy\" decoding=\"async\" width=\"474\" height=\"167\" src=\"https:\/\/www.distritok.com\/blog\/wp-content\/uploads\/2025\/08\/verifactu.jpg\" alt=\"Logo Verifactu\" class=\"wp-image-13489\" srcset=\"https:\/\/www.distritok.com\/blog\/wp-content\/uploads\/2025\/08\/verifactu.jpg 474w, https:\/\/www.distritok.com\/blog\/wp-content\/uploads\/2025\/08\/verifactu-300x106.jpg 300w\" sizes=\"(max-width: 474px) 100vw, 474px\" \/><\/figure>\n\n\n\n<p class=\"titularentrada\">\u00bfQu\u00e9 es la C\u00e1mara de Comercio de A Coru\u00f1a?<\/p>\n\n\n\n<p>La <a href=\"https:\/\/www.camaracoruna.com\/es\/\">C\u00e1mara de Comercio de A Coru\u00f1a<\/a> es una instituci\u00f3n de referencia que trabaja d\u00eda a d\u00eda en el apoyo al tejido empresarial de la provincia. Entre sus principales objetivos est\u00e1n <strong>impulsar la competitividad, fomentar la innovaci\u00f3n, apoyar la internacionalizaci\u00f3n y acompa\u00f1ar a las empresas en sus procesos de transformaci\u00f3n digital<\/strong>.<\/p>\n\n\n\n<p>A trav\u00e9s de programas como la Oficina Acelera Pyme, la C\u00e1mara pone a disposici\u00f3n de pymes y aut\u00f3nomos recursos, asesoramiento y formaci\u00f3n especializada para que puedan adaptarse con \u00e9xito a los nuevos retos tecnol\u00f3gicos y normativos. Este webinar forma parte de esa misi\u00f3n de acercar el conocimiento y la tecnolog\u00eda a las empresas locales.<\/p>\n\n\n\n<figure class=\"wp-block-image size-full\"><img loading=\"lazy\" decoding=\"async\" width=\"420\" height=\"130\" src=\"https:\/\/www.distritok.com\/blog\/wp-content\/uploads\/2025\/10\/logo@2x.png\" alt=\"\" class=\"wp-image-13588\" srcset=\"https:\/\/www.distritok.com\/blog\/wp-content\/uploads\/2025\/10\/logo@2x.png 420w, https:\/\/www.distritok.com\/blog\/wp-content\/uploads\/2025\/10\/logo@2x-300x93.png 300w\" sizes=\"(max-width: 420px) 100vw, 420px\" \/><\/figure>\n\n\n\n<p class=\"titularentrada\">Objetivo de la sesi\u00f3n<\/p>\n\n\n\n<p>El webinar tiene como finalidad explicar de forma clara y pr\u00e1ctica <strong>todo lo que las empresas deben saber sobre Verifactu<\/strong>, desde su contexto hasta su aplicaci\u00f3n real en el d\u00eda a d\u00eda.<\/p>\n\n\n\n<p><strong>Programa de la jornada<\/strong><\/p>\n\n\n\n<ul>\n<li><p>10:00 h \u2013 Presentaci\u00f3n del Programa Oficina Acelera Pyme.<\/p><\/li>\n<li><p>10:05 h \u2013 TODO SOBRE VERIFACTU: Impacto, retos y soluciones para empresas.<\/p><\/li>\n<li><p>Contexto y origen.<\/p><\/li>\n<li><p>Qu\u00e9 es Verifactu.<\/p><\/li>\n<li><p>C\u00f3mo debe funcionar un programa Verifactu.<\/p><\/li>\n<li><p>Calendario de implantaci\u00f3n.<\/p><\/li>\n<li><p>A qui\u00e9n afecta y qui\u00e9nes quedan excluidos.<\/p><\/li>\n<li><p>Funcionamiento paso a paso.<\/p><\/li>\n<li><p>C\u00f3mo reconocer una factura Verifactu.<\/p><\/li>\n<li><p>Pasos para cumplir con Verifactu.<\/p><\/li>\n<li><p>Ventajas de su adopci\u00f3n.<\/p><\/li>\n<li><p>Verifactu: hacia una facturaci\u00f3n digital y segura.<\/p><\/li>\n<li><p>C\u00f3mo puede ayudar a\u00fan el Kit Digital a tu negocio.<\/p><\/li>\n<li><p>11:00 h \u2013 Turno de preguntas y cierre de la sesi\u00f3n.<\/p><\/li>\n<\/ul>\n\n\n\n<p class=\"titularentrada\">C\u00f3mo participar<\/p>\n\n\n\n<p>La asistencia al webinar es gratuita, pero es necesario inscribirse previamente para reservar plaza.<br><br>\n&#x1f449; <a href=\"https:\/\/www.camaracoruna.com\/evento\/inscripcion\/todo-lo-que-necesitas-saber-sobre-verifactu-con-el-kit-digital-obligaciones-impacto-retos-y-soluciones-para-empresas\/\">Enlace de inscripci\u00f3n<\/a><br><br>\nEste encuentro es una oportunidad \u00fanica para que pymes, aut\u00f3nomos y emprendedores comprendan los cambios que trae consigo Verifactu y descubran c\u00f3mo afrontarlos de manera segura y eficiente con el apoyo de soluciones digitales y programas de ayuda como el Kit Digital.<\/p>\n\n\n\n<figure class=\"wp-block-image size-large\"><a href=\"https:\/\/www.camaracoruna.com\/evento\/inscripcion\/todo-lo-que-necesitas-saber-sobre-verifactu-con-el-kit-digital-obligaciones-impacto-retos-y-soluciones-para-empresas\/\"><img loading=\"lazy\" decoding=\"async\" width=\"1024\" height=\"369\" src=\"https:\/\/www.distritok.com\/blog\/wp-content\/uploads\/2025\/10\/webinar-camara-comercio-coruna-2025-1024x369.jpg\" alt=\"\" class=\"wp-image-13583\" srcset=\"https:\/\/www.distritok.com\/blog\/wp-content\/uploads\/2025\/10\/webinar-camara-comercio-coruna-2025-1024x369.jpg 1024w, https:\/\/www.distritok.com\/blog\/wp-content\/uploads\/2025\/10\/webinar-camara-comercio-coruna-2025-300x108.jpg 300w, https:\/\/www.distritok.com\/blog\/wp-content\/uploads\/2025\/10\/webinar-camara-comercio-coruna-2025-768x277.jpg 768w, https:\/\/www.distritok.com\/blog\/wp-content\/uploads\/2025\/10\/webinar-camara-comercio-coruna-2025.jpg 1200w\" sizes=\"(max-width: 1024px) 100vw, 1024px\" \/><\/a><\/figure>\n","protected":false},"excerpt":{"rendered":"<p>La digitalizaci\u00f3n empresarial avanza a gran velocidad y la llegada de Verifactu supone un hito en la forma en que las empresas deben gestionar su facturaci\u00f3n y su relaci\u00f3n con la Agencia Tributaria. Con el objetivo de ayudar a pymes, aut\u00f3nomos y emprendedores a comprender esta nueva obligaci\u00f3n y a aprovecharla como una oportunidad para &hellip;<\/p>\n<p class=\"read-more\"> <a class=\"\" href=\"https:\/\/www.distritok.com\/blog\/webinar-en-colaboracion-con-la-camara-de-comercio-de-a-coruna\/\"> <span class=\"screen-reader-text\">Webinar en colaboraci\u00f3n con la C\u00e1mara de comercio de A Coru\u00f1a<\/span> Leer m\u00e1s &raquo;<\/a><\/p>\n","protected":false},"author":1,"featured_media":13581,"comment_status":"closed","ping_status":"closed","sticky":false,"template":"","format":"standard","meta":{"footnotes":""},"categories":[820],"tags":[775],"aioseo_notices":[],"_links":{"self":[{"href":"https:\/\/www.distritok.com\/blog\/wp-json\/wp\/v2\/posts\/13580"}],"collection":[{"href":"https:\/\/www.distritok.com\/blog\/wp-json\/wp\/v2\/posts"}],"about":[{"href":"https:\/\/www.distritok.com\/blog\/wp-json\/wp\/v2\/types\/post"}],"author":[{"embeddable":true,"href":"https:\/\/www.distritok.com\/blog\/wp-json\/wp\/v2\/users\/1"}],"replies":[{"embeddable":true,"href":"https:\/\/www.distritok.com\/blog\/wp-json\/wp\/v2\/comments?post=13580"}],"version-history":[{"count":5,"href":"https:\/\/www.distritok.com\/blog\/wp-json\/wp\/v2\/posts\/13580\/revisions"}],"predecessor-version":[{"id":13589,"href":"https:\/\/www.distritok.com\/blog\/wp-json\/wp\/v2\/posts\/13580\/revisions\/13589"}],"wp:featuredmedia":[{"embeddable":true,"href":"https:\/\/www.distritok.com\/blog\/wp-json\/wp\/v2\/media\/13581"}],"wp:attachment":[{"href":"https:\/\/www.distritok.com\/blog\/wp-json\/wp\/v2\/media?parent=13580"}],"wp:term":[{"taxonomy":"category","embeddable":true,"href":"https:\/\/www.distritok.com\/blog\/wp-json\/wp\/v2\/categories?post=13580"},{"taxonomy":"post_tag","embeddable":true,"href":"https:\/\/www.distritok.com\/blog\/wp-json\/wp\/v2\/tags?post=13580"}],"curies":[{"name":"wp","href":"https:\/\/api.w.org\/{rel}","templated":true}]}}