{"id":13638,"date":"2025-11-04T16:16:00","date_gmt":"2025-11-04T15:16:00","guid":{"rendered":"https:\/\/www.distritok.com\/blog\/?p=13638"},"modified":"2025-11-07T11:16:55","modified_gmt":"2025-11-07T10:16:55","slug":"ven-a-visitarnos-en-accountex-espana-2025","status":"publish","type":"post","link":"https:\/\/www.distritok.com\/blog\/ven-a-visitarnos-en-accountex-espana-2025\/","title":{"rendered":"Ven a visitarnos en Accountex Espa\u00f1a 2025"},"content":{"rendered":"\n<blockquote class=\"wp-block-quote is-style-large\">\n<p><strong>TeamSystem participar\u00e1 en Accountex Espa\u00f1a 2025<\/strong>, la cita anual m\u00e1s importante para profesionales del sector contable, financiero y de gesti\u00f3n empresarial. <\/p>\n<\/blockquote>\n\n\n\n<p>Durante los d\u00edas 5 y 6 de noviembre, el recinto IFEMA Madrid volver\u00e1 a ser el punto de encuentro donde <strong>presentaremos nuestras soluciones digitales para empresas, asesor\u00edas y despachos profesionales<\/strong>, con especial foco en la transformaci\u00f3n digital y en la adaptaci\u00f3n al nuevo sistema VeriFactu.<\/p>\n\n\n\n<p>Ser\u00e1 una excelente oportunidad para descubrir c\u00f3mo nuestras herramientas contribuyen a modernizar la gesti\u00f3n empresarial, optimizar procesos y anticiparse a los pr\u00f3ximos cambios normativos.<\/p>\n\n\n\n<p class=\"titularentrada\">\u00bfQu\u00e9 es Accountex Espa\u00f1a?<\/p>\n\n\n\n<p>El evento <a rel=\"nofollow\" href=\"https:\/\/www.accountexespana.es\/\">Accountex Espa\u00f1a<\/a> se describe como \u201cel evento de referencia en Espa\u00f1a para despachos profesionales, asesores y empresas\u201d.<\/p>\n\n\n\n<p>Tiene lugar en Madrid (en el recinto de IFEMA Madrid) los d\u00edas 5 y 6 de noviembre de 2025, y se organiza con el fin de dar respuesta a la transformaci\u00f3n digital que est\u00e1n viviendo los despachos profesionales, asesor\u00edas, departamentos de finanzas y la empresa en general.<\/p>\n\n\n\n<p>El objetivo es claro: facilitar a despachos y empresas el acceso a herramientas, tecnolog\u00edas, ideas y redes de contacto que les permitan adaptarse al cambio \u2014especialmente impulsado por la digitalizaci\u00f3n de procesos administrativos y contables\u2014. <\/p>\n\n\n\n<p>Desde esta perspectiva, <strong>nuestra participaci\u00f3n en Accountex adquiere un papel estrat\u00e9gico<\/strong>: por un lado, como proveedor de software de gesti\u00f3n para empresas y asesor\u00edas; por otro lado, como actor directamente implicado en los cambios normativos y tecnol\u00f3gicos que afectan a la facturaci\u00f3n, contabilidad y automatizaci\u00f3n.<\/p>\n\n\n\n<figure class=\"wp-block-image size-large\"><img loading=\"lazy\" decoding=\"async\" width=\"1024\" height=\"576\" src=\"https:\/\/www.distritok.com\/blog\/wp-content\/uploads\/2025\/11\/3-1-1024x576.png\" alt=\"\" class=\"wp-image-13641\" srcset=\"https:\/\/www.distritok.com\/blog\/wp-content\/uploads\/2025\/11\/3-1-1024x576.png 1024w, https:\/\/www.distritok.com\/blog\/wp-content\/uploads\/2025\/11\/3-1-300x169.png 300w, https:\/\/www.distritok.com\/blog\/wp-content\/uploads\/2025\/11\/3-1-768x432.png 768w, https:\/\/www.distritok.com\/blog\/wp-content\/uploads\/2025\/11\/3-1-1536x864.png 1536w, https:\/\/www.distritok.com\/blog\/wp-content\/uploads\/2025\/11\/3-1.png 1600w\" sizes=\"(max-width: 1024px) 100vw, 1024px\" \/><\/figure>\n\n\n\n<p class=\"titularentrada\">La inminente puesta en marcha de VeriFactu y los retos para las empresas<\/p>\n\n\n\n<p><a href=\"https:\/\/sede.agenciatributaria.gob.es\/Sede\/iva\/sistemas-informaticos-facturacion-verifactu.html\">Verifactu<\/a> es un sistema de facturaci\u00f3n verificable desarrollado por la Agencia Tributaria (AEAT) al amparo de la Ley 11\/2021 (medidas de prevenci\u00f3n y lucha contra el fraude fiscal) y regulado por el Real Decreto 1007\/2023. <\/p>\n\n\n\n<p>Su finalidad principal:<strong> garantizar la integridad, trazabilidad, autenticidad y accesibilidad de las facturas emitidas por empresas y aut\u00f3nomos<\/strong>, evitando as\u00ed el uso de software fraudulento o manipulable.<\/p>\n\n\n\n<figure class=\"wp-block-image size-full\"><img loading=\"lazy\" decoding=\"async\" width=\"474\" height=\"167\" src=\"https:\/\/www.distritok.com\/blog\/wp-content\/uploads\/2025\/08\/verifactu.jpg\" alt=\"Logo Verifactu\" class=\"wp-image-13489\" srcset=\"https:\/\/www.distritok.com\/blog\/wp-content\/uploads\/2025\/08\/verifactu.jpg 474w, https:\/\/www.distritok.com\/blog\/wp-content\/uploads\/2025\/08\/verifactu-300x106.jpg 300w\" sizes=\"(max-width: 474px) 100vw, 474px\" \/><\/figure>\n\n\n\n<p>La implantaci\u00f3n de <strong>VeriFactu plantea varios desaf\u00edos que las empresas deben abordar<\/strong> para garantizar una transici\u00f3n \u00e1gil y sin riesgos:<\/p>\n\n\n\n<ul>\n<li><p><strong>Actualizaci\u00f3n tecnol\u00f3gica<\/strong><br>\nLas compa\u00f1\u00edas deber\u00e1n revisar y adaptar su software de facturaci\u00f3n para cumplir con los requisitos t\u00e9cnicos del sistema (c\u00f3digo QR, registro autom\u00e1tico, env\u00edo a la AEAT, etc.). Tambi\u00e9n ser\u00e1 necesario integrar estas herramientas con los sistemas de contabilidad, ERP o gesti\u00f3n comercial ya existentes. TeamSystem ya ofrece soluciones totalmente compatibles con estos requisitos.\n<\/p><\/li>\n<li><p><strong>Revisi\u00f3n de procesos internos<\/strong><br>\nLa digitalizaci\u00f3n de la facturaci\u00f3n obliga a redefinir flujos de trabajo: formaci\u00f3n del personal, nuevos protocolos de emisi\u00f3n y archivo, y estrategias de almacenamiento seguro y trazable de la informaci\u00f3n contable.\n<\/p><\/li>\n<li><p><strong>Transformaci\u00f3n en asesor\u00edas y despachos profesionales<\/strong><br>\nLos despachos que gestionan facturaci\u00f3n para terceros deber\u00e1n adaptar sus herramientas para contabilizar facturas bajo el nuevo formato. La buena noticia es que, seg\u00fan TeamSystem, cuando empresa y asesor\u00eda utilizan sistemas compatibles con VeriFactu, se puede automatizar gran parte de la contabilizaci\u00f3n y conciliaci\u00f3n.\n<\/p><\/li>\n<li><p><strong>Cumplimiento normativo y control del riesgo<\/strong><br>\nCumplimiento normativo y control del riesgo\nNo adaptarse dentro de los plazos puede conllevar sanciones y sobrecostes derivados de actualizaciones urgentes. Es esencial asegurarse de que el software empleado est\u00e9 certificado o validado por el proveedor como conforme con la normativa.\n<\/p><\/li>\n<li><p><strong>Cambio cultural y digitalizaci\u00f3n integral<\/strong><br>\nM\u00e1s all\u00e1 del aspecto t\u00e9cnico, VeriFactu impulsa un cambio de mentalidad hacia la transparencia, la trazabilidad y la automatizaci\u00f3n total del ciclo de facturaci\u00f3n. Aunque puede suponer un esfuerzo inicial, especialmente para las pymes, las ventajas a medio plazo \u2014eficiencia, control y reducci\u00f3n de errores\u2014 son notables.\n<\/p><\/li>\n<\/ul>\n\n\n\n<p class=\"titularentrada\">Te esperamos en Accountex Espa\u00f1a 2025<\/p>\n\n\n\n<p>La participaci\u00f3n de TeamSystem en Accountex Espa\u00f1a 2025 ser\u00e1 una oportunidad excepcional para mostrar <strong>c\u00f3mo nuestras soluciones ayudan a empresas, asesor\u00edas y despachos<\/strong> a afrontar con \u00e9xito los retos de la digitalizaci\u00f3n y el cumplimiento normativo.<\/p>\n\n\n\n<p>Durante los d\u00edas 5 y 6 de noviembre en IFEMA Madrid, <strong>nuestro equipo ofrecer\u00e1 demostraciones personalizadas de herramientas de facturaci\u00f3n, contabilidad, gesti\u00f3n empresarial y soluciones en la nube<\/strong>, pensadas para optimizar procesos y facilitar la transici\u00f3n hacia VeriFactu.<\/p>\n\n\n\n<p>Te invitamos a acercarte a nuestro stand y conocer de primera mano c\u00f3mo TeamSystem puede acompa\u00f1arte en la evoluci\u00f3n digital de tu negocio. La nueva era de la gesti\u00f3n empresarial ya ha comenzado \u2014y queremos recorrerla contigo. <a href=\"https:\/\/www.distritok.com\/aplicaciones\/le-llamamos\/?utm_source=blog&amp;utm_medium=web&amp;utm_campaign=demo\">Contacta con nosotros<\/a>.<\/p>\n\n\n\n<figure class=\"wp-block-image size-large\"><a href=\"https:\/\/www.distritok.com\/aplicaciones\/le-llamamos\/?utm_source=blog&amp;utm_medium=web&amp;utm_campaign=demo\"><img loading=\"lazy\" decoding=\"async\" width=\"1024\" height=\"369\" src=\"https:\/\/www.distritok.com\/blog\/wp-content\/uploads\/2025\/10\/img-enlace-verifactu-1024x369.png\" alt=\"\" class=\"wp-image-13609\" srcset=\"https:\/\/www.distritok.com\/blog\/wp-content\/uploads\/2025\/10\/img-enlace-verifactu-1024x369.png 1024w, https:\/\/www.distritok.com\/blog\/wp-content\/uploads\/2025\/10\/img-enlace-verifactu-300x108.png 300w, https:\/\/www.distritok.com\/blog\/wp-content\/uploads\/2025\/10\/img-enlace-verifactu-768x277.png 768w, https:\/\/www.distritok.com\/blog\/wp-content\/uploads\/2025\/10\/img-enlace-verifactu.png 1200w\" sizes=\"(max-width: 1024px) 100vw, 1024px\" \/><\/a><\/figure>\n\n","protected":false},"excerpt":{"rendered":"<p>TeamSystem participar\u00e1 en Accountex Espa\u00f1a 2025, la cita anual m\u00e1s importante para profesionales del sector contable, financiero y de gesti\u00f3n empresarial. Durante los d\u00edas 5 y 6 de noviembre, el recinto IFEMA Madrid volver\u00e1 a ser el punto de encuentro donde presentaremos nuestras soluciones digitales para empresas, asesor\u00edas y despachos profesionales, con especial foco en &hellip;<\/p>\n<p class=\"read-more\"> <a class=\"\" href=\"https:\/\/www.distritok.com\/blog\/ven-a-visitarnos-en-accountex-espana-2025\/\"> <span class=\"screen-reader-text\">Ven a visitarnos en Accountex Espa\u00f1a 2025<\/span> Leer m\u00e1s &raquo;<\/a><\/p>\n","protected":false},"author":1,"featured_media":13639,"comment_status":"closed","ping_status":"closed","sticky":false,"template":"","format":"standard","meta":{"footnotes":""},"categories":[523,1],"tags":[932,925],"aioseo_notices":[],"_links":{"self":[{"href":"https:\/\/www.distritok.com\/blog\/wp-json\/wp\/v2\/posts\/13638"}],"collection":[{"href":"https:\/\/www.distritok.com\/blog\/wp-json\/wp\/v2\/posts"}],"about":[{"href":"https:\/\/www.distritok.com\/blog\/wp-json\/wp\/v2\/types\/post"}],"author":[{"embeddable":true,"href":"https:\/\/www.distritok.com\/blog\/wp-json\/wp\/v2\/users\/1"}],"replies":[{"embeddable":true,"href":"https:\/\/www.distritok.com\/blog\/wp-json\/wp\/v2\/comments?post=13638"}],"version-history":[{"count":3,"href":"https:\/\/www.distritok.com\/blog\/wp-json\/wp\/v2\/posts\/13638\/revisions"}],"predecessor-version":[{"id":13644,"href":"https:\/\/www.distritok.com\/blog\/wp-json\/wp\/v2\/posts\/13638\/revisions\/13644"}],"wp:featuredmedia":[{"embeddable":true,"href":"https:\/\/www.distritok.com\/blog\/wp-json\/wp\/v2\/media\/13639"}],"wp:attachment":[{"href":"https:\/\/www.distritok.com\/blog\/wp-json\/wp\/v2\/media?parent=13638"}],"wp:term":[{"taxonomy":"category","embeddable":true,"href":"https:\/\/www.distritok.com\/blog\/wp-json\/wp\/v2\/categories?post=13638"},{"taxonomy":"post_tag","embeddable":true,"href":"https:\/\/www.distritok.com\/blog\/wp-json\/wp\/v2\/tags?post=13638"}],"curies":[{"name":"wp","href":"https:\/\/api.w.org\/{rel}","templated":true}]}}