{"id":13734,"date":"2025-12-11T15:18:30","date_gmt":"2025-12-11T14:18:30","guid":{"rendered":"https:\/\/www.distritok.com\/blog\/?p=13734"},"modified":"2025-12-11T15:20:18","modified_gmt":"2025-12-11T14:20:18","slug":"el-aplazamiento-de-verifactu-una-oportunidad-para-adelantarse","status":"publish","type":"post","link":"https:\/\/www.distritok.com\/blog\/el-aplazamiento-de-verifactu-una-oportunidad-para-adelantarse\/","title":{"rendered":"El aplazamiento de VeriFactu: una oportunidad para adelantarse"},"content":{"rendered":"\n<blockquote class=\"wp-block-quote is-style-large\">\n<p>El Gobierno ha aprobado el aplazamiento de la entrada en vigor del sistema VeriFactu mediante el <a href=\"https:\/\/www.boe.es\/buscar\/doc.php?id=BOE-A-2025-24446\">Real Decreto-ley 15\/2025<\/a>, que modifica el Real Decreto 1007\/2023, regulador de los requisitos de los sistemas inform\u00e1ticos de facturaci\u00f3n utilizados por pymes y aut\u00f3nomos.<\/p>\n<\/blockquote>\n\n\n\n<p>La medida responde a una necesidad clara: asegurar una implantaci\u00f3n ordenada, homog\u00e9nea y t\u00e9cnicamente viable, evitando una adaptaci\u00f3n precipitada que pudiera generar problemas tanto a empresas como a proveedores de software.<\/p>\n\n\n\n<p class=\"titularentrada\">No es un paso atr\u00e1s: VeriFactu sigue adelante<\/p>\n\n\n\n<p>El Real Decreto-ley es claro en su enfoque: <strong>el aplazamiento no elimina la obligaci\u00f3n ni rebaja las exigencias del sistema.<\/strong><\/p>\n\n\n\n<figure class=\"wp-block-image size-full\"><img loading=\"lazy\" decoding=\"async\" width=\"474\" height=\"167\" src=\"https:\/\/www.distritok.com\/blog\/wp-content\/uploads\/2025\/08\/verifactu.jpg\" alt=\"Logo Verifactu\" class=\"wp-image-13489\" srcset=\"https:\/\/www.distritok.com\/blog\/wp-content\/uploads\/2025\/08\/verifactu.jpg 474w, https:\/\/www.distritok.com\/blog\/wp-content\/uploads\/2025\/08\/verifactu-300x106.jpg 300w\" sizes=\"(max-width: 474px) 100vw, 474px\" \/><\/figure>\n\n\n\n<p>VeriFactu sigue siendo una herramienta clave dentro de las medidas de lucha contra el fraude y la econom\u00eda sumergida, especialmente frente al uso de software de doble uso. Sus objetivos se mantienen intactos:<\/p>\n\n\n\n<ul>\n<li><p><strong>Mayor control sobre los procesos de facturaci\u00f3n<\/strong><\/p><\/li>\n<li><p><strong>Garant\u00eda de integridad, trazabilidad e inalterabilidad de los registros<\/strong><\/p><\/li>\n<li><p><strong>Facilitaci\u00f3n del cumplimiento de las obligaciones tributarias<\/strong><\/p><\/li>\n<\/ul>\n\n\n\n<p>Lo que cambia no es el \u201cqu\u00e9\u201d, sino el \u201ccu\u00e1ndo\u201d.<\/p>\n\n\n\n<p class=\"titularentrada\">M\u00e1s tiempo para adaptarse\u2026 y hacerlo bien<\/p>\n\n\n\n<p>Desde una perspectiva empresarial, el nuevo calendario convierte los pr\u00f3ximos meses en una oportunidad estrat\u00e9gica. No se trata de esperar, sino de aprovechar el margen adicional para:<\/p>\n\n\n\n<ul>\n<li><p><strong>Revisar procesos internos de facturaci\u00f3n<\/strong><\/p><\/li>\n<li><p><strong>Modernizar sistemas sin prisas ni riesgos<\/strong><\/p><\/li>\n<li><p><strong>Formar a los equipos con antelaci\u00f3n<\/strong><\/p><\/li>\n<li><p><strong>Probar soluciones y ajustar flujos de trabajo<\/strong><\/p><\/li>\n<li><p><strong>Mejorar el control y la fiabilidad de la informaci\u00f3n<\/strong><\/p><\/li>\n<\/ul>\n\n\n\n<p>Este enfoque reduce el impacto del cambio y transforma una obligaci\u00f3n legal en una mejora operativa real.<\/p>\n\n\n\n<p class=\"titularentrada\">Adelantarse marcar\u00e1 la diferencia<\/p>\n\n\n\n<p>Cuando VeriFactu sea obligatorio, no todas las empresas estar\u00e1n en el mismo punto. Algunas llegar\u00e1n con cambios de \u00faltima hora; otras llevar\u00e1n tiempo trabajando con sistemas adaptados y procesos optimizados. El aplazamiento permite elegir en qu\u00e9 grupo estar. Anticiparse significa menos estr\u00e9s, menos errores y m\u00e1s eficiencia.<\/p>\n\n\n\n<p class=\"titularentrada\">Nuevo calendario oficial: fechas claras y definitivas<\/p>\n\n\n\n<p>Con esta modificaci\u00f3n, el calendario de obligatoriedad de VeriFactu queda fijado de forma definitiva:<\/p>\n\n\n\n<ul>\n<li><p><strong>1 de enero de 2027:<\/strong> empresas contribuyentes del Impuesto sobre Sociedades<\/p><\/li>\n<li><p><strong>1 de julio de 2027:<\/strong> resto de empresas y aut\u00f3nomos<\/p><\/li>\n<\/ul>\n\n\n\n<p>Estas fechas aportan algo muy relevante: seguridad jur\u00eddica y capacidad real de planificaci\u00f3n. Ya no hay incertidumbre sobre cu\u00e1ndo ser\u00e1 obligatorio, lo que permite tomar decisiones con criterio y sin urgencias.<\/p>\n\n\n\n<p class=\"titularentrada\">VeriFactu se aplaza\u2026 pero la ventaja es para quien se adelanta<\/p>\n\n\n\n<p>El Real Decreto-ley no frena la digitalizaci\u00f3n ni debilita la normativa antifraude. Al contrario: la refuerza, d\u00e1ndole el tiempo necesario para que su implantaci\u00f3n sea s\u00f3lida y \u00fatil para el tejido empresarial.<\/p>\n\n\n\n<p>Para pymes y aut\u00f3nomos, el mensaje es claro: hay m\u00e1s plazo, s\u00ed, pero tambi\u00e9n m\u00e1s oportunidad para prepararse mejor y ganar ventaja.<\/p>\n\n\n\n<figure class=\"wp-block-image size-large\"><img loading=\"lazy\" decoding=\"async\" width=\"1024\" height=\"545\" src=\"https:\/\/www.distritok.com\/blog\/wp-content\/uploads\/2025\/11\/adaptado-a-verifactu-1024x545.jpg\" alt=\"\" class=\"wp-image-13698\" srcset=\"https:\/\/www.distritok.com\/blog\/wp-content\/uploads\/2025\/11\/adaptado-a-verifactu-1024x545.jpg 1024w, https:\/\/www.distritok.com\/blog\/wp-content\/uploads\/2025\/11\/adaptado-a-verifactu-300x160.jpg 300w, https:\/\/www.distritok.com\/blog\/wp-content\/uploads\/2025\/11\/adaptado-a-verifactu-768x409.jpg 768w, https:\/\/www.distritok.com\/blog\/wp-content\/uploads\/2025\/11\/adaptado-a-verifactu.jpg 1200w\" sizes=\"(max-width: 1024px) 100vw, 1024px\" \/><\/figure>\n\n\n\n<p>En este contexto, contar con un proveedor preparado marca la diferencia. <a href=\"https:\/\/www.distritok.com\/aplicaciones\/software-adaptado-verifactu\/?utm_source=blog&amp;utm_medium=web&amp;utm_campaign=demo\">Nuestro software ya est\u00e1 adaptado a VeriFactu conforme a los plazos y requisitos que marca la ley<\/a>, lo que permite a empresas y profesionales avanzar desde ahora con total seguridad y sin esperar al \u00faltimo momento.<\/p>\n\n\n\n<p>Porque cuando el cumplimiento sea obligatorio para todos, quienes se hayan anticipado no solo cumplir\u00e1n: trabajar\u00e1n mejor, con sistemas probados y procesos consolidados.<\/p>\n\n\n\n<figure class=\"wp-block-image size-large\"><a href=\"https:\/\/www.distritok.com\/aplicaciones\/software-adaptado-verifactu\/?utm_source=blog&amp;utm_medium=web&amp;utm_campaign=demo\"><img loading=\"lazy\" decoding=\"async\" width=\"1024\" height=\"369\" src=\"https:\/\/www.distritok.com\/blog\/wp-content\/uploads\/2025\/12\/img-enlace-Verifactu-1024x369.jpg\" alt=\"Verifactu\" class=\"wp-image-13735\" srcset=\"https:\/\/www.distritok.com\/blog\/wp-content\/uploads\/2025\/12\/img-enlace-Verifactu-1024x369.jpg 1024w, https:\/\/www.distritok.com\/blog\/wp-content\/uploads\/2025\/12\/img-enlace-Verifactu-300x108.jpg 300w, https:\/\/www.distritok.com\/blog\/wp-content\/uploads\/2025\/12\/img-enlace-Verifactu-768x277.jpg 768w, https:\/\/www.distritok.com\/blog\/wp-content\/uploads\/2025\/12\/img-enlace-Verifactu.jpg 1200w\" sizes=\"(max-width: 1024px) 100vw, 1024px\" \/><\/a><\/figure>\n","protected":false},"excerpt":{"rendered":"<p>El Gobierno ha aprobado el aplazamiento de la entrada en vigor del sistema VeriFactu mediante el Real Decreto-ley 15\/2025, que modifica el Real Decreto 1007\/2023, regulador de los requisitos de los sistemas inform\u00e1ticos de facturaci\u00f3n utilizados por pymes y aut\u00f3nomos. La medida responde a una necesidad clara: asegurar una implantaci\u00f3n ordenada, homog\u00e9nea y t\u00e9cnicamente viable, &hellip;<\/p>\n<p class=\"read-more\"> <a class=\"\" href=\"https:\/\/www.distritok.com\/blog\/el-aplazamiento-de-verifactu-una-oportunidad-para-adelantarse\/\"> <span class=\"screen-reader-text\">El aplazamiento de VeriFactu: una oportunidad para adelantarse<\/span> Leer m\u00e1s &raquo;<\/a><\/p>\n","protected":false},"author":1,"featured_media":13736,"comment_status":"closed","ping_status":"closed","sticky":false,"template":"","format":"standard","meta":{"footnotes":""},"categories":[523],"tags":[917],"aioseo_notices":[],"_links":{"self":[{"href":"https:\/\/www.distritok.com\/blog\/wp-json\/wp\/v2\/posts\/13734"}],"collection":[{"href":"https:\/\/www.distritok.com\/blog\/wp-json\/wp\/v2\/posts"}],"about":[{"href":"https:\/\/www.distritok.com\/blog\/wp-json\/wp\/v2\/types\/post"}],"author":[{"embeddable":true,"href":"https:\/\/www.distritok.com\/blog\/wp-json\/wp\/v2\/users\/1"}],"replies":[{"embeddable":true,"href":"https:\/\/www.distritok.com\/blog\/wp-json\/wp\/v2\/comments?post=13734"}],"version-history":[{"count":2,"href":"https:\/\/www.distritok.com\/blog\/wp-json\/wp\/v2\/posts\/13734\/revisions"}],"predecessor-version":[{"id":13738,"href":"https:\/\/www.distritok.com\/blog\/wp-json\/wp\/v2\/posts\/13734\/revisions\/13738"}],"wp:featuredmedia":[{"embeddable":true,"href":"https:\/\/www.distritok.com\/blog\/wp-json\/wp\/v2\/media\/13736"}],"wp:attachment":[{"href":"https:\/\/www.distritok.com\/blog\/wp-json\/wp\/v2\/media?parent=13734"}],"wp:term":[{"taxonomy":"category","embeddable":true,"href":"https:\/\/www.distritok.com\/blog\/wp-json\/wp\/v2\/categories?post=13734"},{"taxonomy":"post_tag","embeddable":true,"href":"https:\/\/www.distritok.com\/blog\/wp-json\/wp\/v2\/tags?post=13734"}],"curies":[{"name":"wp","href":"https:\/\/api.w.org\/{rel}","templated":true}]}}