{"id":1473,"date":"2016-04-25T10:50:30","date_gmt":"2016-04-25T08:50:30","guid":{"rendered":"http:\/\/www.distritok.com\/blog\/?p=1473"},"modified":"2021-10-21T14:15:43","modified_gmt":"2021-10-21T12:15:43","slug":"nuestros-clientes-alvarno","status":"publish","type":"post","link":"https:\/\/www.distritok.com\/blog\/nuestros-clientes-alvarno\/","title":{"rendered":"Nuestros clientes: Alvarno"},"content":{"rendered":"<p>Alvarno disfrutan de nuestro software de gesti\u00f3n <a href=\"https:\/\/www.distritok.com\/programa-de-gestion\/\" target=\"_blank\" rel=\"noopener noreferrer\">SQL Pyme<\/a> y utilizan <a href=\"https:\/\/www.distritok.com\/aplicaciones\/programa-de-comercio\/\" target=\"_blank\" rel=\"noopener noreferrer\">SQL TPV<\/a> en sus tiendas. La firma Alvarno nace con la fusi\u00f3n de dos energ\u00edas creativas, Arnaud Maillard y \u00c1lvaro Castej\u00f3n. Sus a\u00f1os de experiencia por separado y en com\u00fan junto a Karl Lagerfeld, les llevan a un objetivo com\u00fan: Alvarno. Desde Madrid comienzan su aventura pero siempre con vocaci\u00f3n internacional.<\/p>\n<p>Hoy, Madrid se convierte en la capital de su moda: pura, luminosa y sofisticada. La expectaci\u00f3n ante sus propuestas crece a\u00f1o tras a\u00f1o: la prensa, sus clientes y su p\u00fablico esperan que les sorprendan con cada desfile. La presentaci\u00f3n de sus dos colecciones anuales, con su espectacular puesta en escena siempre genera una gran repercusi\u00f3n medi\u00e1tica.<\/p>\n<p><a href=\"http:\/\/alvarno.com\/\" target=\"_blank\" rel=\"noopener noreferrer\">Alvarno<\/a> ha conseguido elevar el pr\u00eat-\u00e0-porter al nivel de lujo, mediante un exquisito gusto por los tejidos y una relaci\u00f3n con sus clientas que mantiene el sabor de otras \u00e9pocas.<\/p>\n<p><img loading=\"lazy\" decoding=\"async\" class=\"alignnone wp-image-1475\" src=\"https:\/\/www.distritok.com\/blog\/wp-content\/uploads\/2016\/02\/ALVARNO-moda-1.jpg\" alt=\"ALVARNO-moda (1)\" width=\"800\" height=\"534\" srcset=\"https:\/\/www.distritok.com\/blog\/wp-content\/uploads\/2016\/02\/ALVARNO-moda-1.jpg 1000w, https:\/\/www.distritok.com\/blog\/wp-content\/uploads\/2016\/02\/ALVARNO-moda-1-300x200.jpg 300w, https:\/\/www.distritok.com\/blog\/wp-content\/uploads\/2016\/02\/ALVARNO-moda-1-700x467.jpg 700w\" sizes=\"(max-width: 800px) 100vw, 800px\" \/><\/p>\n<p><em>Si su empresa pertenece al sector textil consulte <a href=\"https:\/\/www.distritok.com\/aplicaciones\/sectores\/\" target=\"_blank\" rel=\"noopener noreferrer\">nuestras opciones adaptadas<\/a> y consigue el mejor programa de gesti\u00f3n posible para que su actividad crezca en \u00e9xito y calidad. No dude en contactar con nosotros y solicitar una llamada personalizada de nuestro equipo comercial.<\/em><\/p>\n","protected":false},"excerpt":{"rendered":"<p>Alvarno disfrutan de nuestro software de gesti\u00f3n SQL Pyme y utilizan SQL TPV en sus tiendas. La firma Alvarno nace con la fusi\u00f3n de dos energ\u00edas creativas, Arnaud Maillard y \u00c1lvaro Castej\u00f3n. Sus a\u00f1os de experiencia por separado y en com\u00fan junto a Karl Lagerfeld, les llevan a un objetivo com\u00fan: Alvarno. Desde Madrid comienzan &hellip;<\/p>\n<p class=\"read-more\"> <a class=\"\" href=\"https:\/\/www.distritok.com\/blog\/nuestros-clientes-alvarno\/\"> <span class=\"screen-reader-text\">Nuestros clientes: Alvarno<\/span> Leer m\u00e1s &raquo;<\/a><\/p>\n","protected":false},"author":1,"featured_media":1474,"comment_status":"open","ping_status":"open","sticky":false,"template":"","format":"standard","meta":{"footnotes":""},"categories":[1],"tags":[407,404,408,406,410,274,195,405,82,409,84,403],"aioseo_notices":[],"_links":{"self":[{"href":"https:\/\/www.distritok.com\/blog\/wp-json\/wp\/v2\/posts\/1473"}],"collection":[{"href":"https:\/\/www.distritok.com\/blog\/wp-json\/wp\/v2\/posts"}],"about":[{"href":"https:\/\/www.distritok.com\/blog\/wp-json\/wp\/v2\/types\/post"}],"author":[{"embeddable":true,"href":"https:\/\/www.distritok.com\/blog\/wp-json\/wp\/v2\/users\/1"}],"replies":[{"embeddable":true,"href":"https:\/\/www.distritok.com\/blog\/wp-json\/wp\/v2\/comments?post=1473"}],"version-history":[{"count":4,"href":"https:\/\/www.distritok.com\/blog\/wp-json\/wp\/v2\/posts\/1473\/revisions"}],"predecessor-version":[{"id":7566,"href":"https:\/\/www.distritok.com\/blog\/wp-json\/wp\/v2\/posts\/1473\/revisions\/7566"}],"wp:featuredmedia":[{"embeddable":true,"href":"https:\/\/www.distritok.com\/blog\/wp-json\/wp\/v2\/media\/1474"}],"wp:attachment":[{"href":"https:\/\/www.distritok.com\/blog\/wp-json\/wp\/v2\/media?parent=1473"}],"wp:term":[{"taxonomy":"category","embeddable":true,"href":"https:\/\/www.distritok.com\/blog\/wp-json\/wp\/v2\/categories?post=1473"},{"taxonomy":"post_tag","embeddable":true,"href":"https:\/\/www.distritok.com\/blog\/wp-json\/wp\/v2\/tags?post=1473"}],"curies":[{"name":"wp","href":"https:\/\/api.w.org\/{rel}","templated":true}]}}