{"id":1831,"date":"2016-10-31T10:07:39","date_gmt":"2016-10-31T09:07:39","guid":{"rendered":"http:\/\/www.distritok.com\/blog\/?p=1831"},"modified":"2021-10-22T13:33:27","modified_gmt":"2021-10-22T11:33:27","slug":"la-factura-electronica-se-convierte-en-estandar-global","status":"publish","type":"post","link":"https:\/\/www.distritok.com\/blog\/la-factura-electronica-se-convierte-en-estandar-global\/","title":{"rendered":"La factura electr\u00f3nica se convierte en est\u00e1ndar global"},"content":{"rendered":"<p>Un informe de Billentis constata que la Uni\u00f3n Europea prepara un plan para aplicar la Directiva 2014\/55\/EU que obliga al Sector P\u00fablico a reclamar facturas por v\u00eda electr\u00f3nicas. Pa\u00edses como Italia, Espa\u00f1a o Portugal, ya han hecho obligatorio el uso de este sistema. Francia, Lituania o Estonia lo har\u00e1n progresivamente entre 2016 y 2017.<\/p>\n<p>Se prev\u00e9 un crecimiento de un 14% en la facturaci\u00f3n digital en los \u00e1mbitos B2B\/B2G\/G2B y de un 11% en B2C.<\/p>\n<p>En Latinoam\u00e9rica pa\u00edses como \u00a0M\u00e9xico, Chile y Brasil ya han avanzado en la implantaci\u00f3n de esta tecnolog\u00eda. Se estima que los pa\u00edses de Latinoam\u00e9rica intercambiar\u00e1n unos 22 billones de comprobantes electr\u00f3nicos, la mayor parte de ellos (19 billones) en el \u00e1mbito B2G.<\/p>\n<p>En lo que se refiere a Norteam\u00e9rica se estima que 4 billones de facturas electr\u00f3nicas B2C se emitir\u00e1n este a\u00f1o, y 3,2 billones B2B\/B2G. En Estados Unidos se instaurar\u00e1 su uso obligatorio desde 2018 en el sector p\u00fablico.<\/p>\n<p>La crisis econ\u00f3mica ha sido relevante en la aceleraci\u00f3n de estas implantaciones, tanto a las Administraciones P\u00fablicas como al sector privado, ya que ayuda a reducir dr\u00e1sticamente el gasto administrativo.<\/p>\n","protected":false},"excerpt":{"rendered":"<p>Un informe de Billentis constata que la Uni\u00f3n Europea prepara un plan para aplicar la Directiva 2014\/55\/EU que obliga al Sector P\u00fablico a reclamar facturas por v\u00eda electr\u00f3nicas. Pa\u00edses como Italia, Espa\u00f1a o Portugal, ya han hecho obligatorio el uso de este sistema. Francia, Lituania o Estonia lo har\u00e1n progresivamente entre 2016 y 2017. Se &hellip;<\/p>\n<p class=\"read-more\"> <a class=\"\" href=\"https:\/\/www.distritok.com\/blog\/la-factura-electronica-se-convierte-en-estandar-global\/\"> <span class=\"screen-reader-text\">La factura electr\u00f3nica se convierte en est\u00e1ndar global<\/span> Leer m\u00e1s &raquo;<\/a><\/p>\n","protected":false},"author":1,"featured_media":7603,"comment_status":"open","ping_status":"open","sticky":false,"template":"","format":"standard","meta":{"footnotes":""},"categories":[470],"tags":[243,293,292,244,249,55,250,54,240,245,246,247,65,172,248,239,236,238,241,242,56,251,252,290],"aioseo_notices":[],"_links":{"self":[{"href":"https:\/\/www.distritok.com\/blog\/wp-json\/wp\/v2\/posts\/1831"}],"collection":[{"href":"https:\/\/www.distritok.com\/blog\/wp-json\/wp\/v2\/posts"}],"about":[{"href":"https:\/\/www.distritok.com\/blog\/wp-json\/wp\/v2\/types\/post"}],"author":[{"embeddable":true,"href":"https:\/\/www.distritok.com\/blog\/wp-json\/wp\/v2\/users\/1"}],"replies":[{"embeddable":true,"href":"https:\/\/www.distritok.com\/blog\/wp-json\/wp\/v2\/comments?post=1831"}],"version-history":[{"count":2,"href":"https:\/\/www.distritok.com\/blog\/wp-json\/wp\/v2\/posts\/1831\/revisions"}],"predecessor-version":[{"id":7654,"href":"https:\/\/www.distritok.com\/blog\/wp-json\/wp\/v2\/posts\/1831\/revisions\/7654"}],"wp:featuredmedia":[{"embeddable":true,"href":"https:\/\/www.distritok.com\/blog\/wp-json\/wp\/v2\/media\/7603"}],"wp:attachment":[{"href":"https:\/\/www.distritok.com\/blog\/wp-json\/wp\/v2\/media?parent=1831"}],"wp:term":[{"taxonomy":"category","embeddable":true,"href":"https:\/\/www.distritok.com\/blog\/wp-json\/wp\/v2\/categories?post=1831"},{"taxonomy":"post_tag","embeddable":true,"href":"https:\/\/www.distritok.com\/blog\/wp-json\/wp\/v2\/tags?post=1831"}],"curies":[{"name":"wp","href":"https:\/\/api.w.org\/{rel}","templated":true}]}}