{"id":224,"date":"2015-08-11T09:01:40","date_gmt":"2015-08-11T07:01:40","guid":{"rendered":"http:\/\/www.distritok.com\/blog\/?p=224"},"modified":"2021-10-06T15:17:57","modified_gmt":"2021-10-06T13:17:57","slug":"rebajas-en-irpf-para-2015-y-2016-preguntas-y-respuestas","status":"publish","type":"post","link":"https:\/\/www.distritok.com\/blog\/rebajas-en-irpf-para-2015-y-2016-preguntas-y-respuestas\/","title":{"rendered":"Rebajas en IRPF para 2015 y 2016: preguntas y respuestas"},"content":{"rendered":"<p><em>\u00bfDe qu\u00e9 se trata?<\/em><\/p>\n<p>El Consejo de Ministros ha aprobado el adelanto de la rebaja del IRPF prevista para 2016, con una tarifa intermedia para este a\u00f1o y que ser\u00e1 la \u00fanica aplicable en todo el ejercicio. Se trata de una rebaja del tipo m\u00ednimo del IRPF para 2015 de un 19,5 % (hasta 12.450 euros de base imponible). El m\u00e1ximo se situar\u00e1 en el 46 % (a partir de 60.000 euros), frente al 20 % y el 47 % fijado en principio para este ejercicio.<\/p>\n<p><em>\u00bfA qui\u00e9n afecta?<\/em><\/p>\n<p>Si tienes un inmueble alquilado o piensas ponerlo en alquiler. Tambi\u00e9n se han anunciado novedades para Aut\u00f3nomos. La reducci\u00f3n al 15% del IRPF prevista para 2016 para aquellos aut\u00f3nomos que tuvieran rendimientos inferiores a 15.000\u20ac anuales se ampl\u00eda a todos los Aut\u00f3nomos y se adelanta a julio de 2015. De esta manera, los aut\u00f3nomos que tributan con car\u00e1cter general pasar\u00e1n a tributar del actual 19% al 15% a partir de julio.<\/p>\n<p><em>\u00bfCu\u00e1ndo entra en vigor?<\/em><\/p>\n<p>Las variaciones tienen todas como frontera el d\u00eda 12 de julio, fecha de aprobaci\u00f3n de las nuevas rebajas.<\/p>\n<p><em>\u00bfC\u00f3mo aplicar estos porcentajes si dispones de software de gesti\u00f3n Distrito K?<\/em><\/p>\n<p>Ya hemos incluido estas novedades en la \u00faltima versi\u00f3n de nuestros programas de gesti\u00f3n por lo que solo tienes que ponerte en contacto con nuestro departamento t\u00e9cnico para que te ayuden con un sencillo proceso de actualizaci\u00f3n.<\/p>\n<p><a href=\"https:\/\/www.distritok.com\/blog\/wp-content\/uploads\/2015\/08\/tabla-rebajas-IRPF.jpg\"><img loading=\"lazy\" decoding=\"async\" class=\" wp-image-225 size-full alignnone\" src=\"https:\/\/www.distritok.com\/blog\/wp-content\/uploads\/2015\/08\/tabla-rebajas-IRPF.jpg\" alt=\"tabla-rebajas-IRPF\" width=\"1000\" height=\"1820\" srcset=\"https:\/\/www.distritok.com\/blog\/wp-content\/uploads\/2015\/08\/tabla-rebajas-IRPF.jpg 1000w, https:\/\/www.distritok.com\/blog\/wp-content\/uploads\/2015\/08\/tabla-rebajas-IRPF-165x300.jpg 165w, https:\/\/www.distritok.com\/blog\/wp-content\/uploads\/2015\/08\/tabla-rebajas-IRPF-563x1024.jpg 563w, https:\/\/www.distritok.com\/blog\/wp-content\/uploads\/2015\/08\/tabla-rebajas-IRPF-700x1274.jpg 700w\" sizes=\"(max-width: 1000px) 100vw, 1000px\" \/><\/a><\/p>\n","protected":false},"excerpt":{"rendered":"<p>\u00bfDe qu\u00e9 se trata? El Consejo de Ministros ha aprobado el adelanto de la rebaja del IRPF prevista para 2016, con una tarifa intermedia para este a\u00f1o y que ser\u00e1 la \u00fanica aplicable en todo el ejercicio. Se trata de una rebaja del tipo m\u00ednimo del IRPF para 2015 de un 19,5 % (hasta 12.450 &hellip;<\/p>\n<p class=\"read-more\"> <a class=\"\" href=\"https:\/\/www.distritok.com\/blog\/rebajas-en-irpf-para-2015-y-2016-preguntas-y-respuestas\/\"> <span class=\"screen-reader-text\">Rebajas en IRPF para 2015 y 2016: preguntas y respuestas<\/span> Leer m\u00e1s &raquo;<\/a><\/p>\n","protected":false},"author":1,"featured_media":7191,"comment_status":"open","ping_status":"open","sticky":false,"template":"","format":"standard","meta":{"footnotes":""},"categories":[1,15],"tags":[29,333,336,332,330,122,331,34,335,63,65,76,123,121,334,31,145,164],"aioseo_notices":[],"_links":{"self":[{"href":"https:\/\/www.distritok.com\/blog\/wp-json\/wp\/v2\/posts\/224"}],"collection":[{"href":"https:\/\/www.distritok.com\/blog\/wp-json\/wp\/v2\/posts"}],"about":[{"href":"https:\/\/www.distritok.com\/blog\/wp-json\/wp\/v2\/types\/post"}],"author":[{"embeddable":true,"href":"https:\/\/www.distritok.com\/blog\/wp-json\/wp\/v2\/users\/1"}],"replies":[{"embeddable":true,"href":"https:\/\/www.distritok.com\/blog\/wp-json\/wp\/v2\/comments?post=224"}],"version-history":[{"count":4,"href":"https:\/\/www.distritok.com\/blog\/wp-json\/wp\/v2\/posts\/224\/revisions"}],"predecessor-version":[{"id":7192,"href":"https:\/\/www.distritok.com\/blog\/wp-json\/wp\/v2\/posts\/224\/revisions\/7192"}],"wp:featuredmedia":[{"embeddable":true,"href":"https:\/\/www.distritok.com\/blog\/wp-json\/wp\/v2\/media\/7191"}],"wp:attachment":[{"href":"https:\/\/www.distritok.com\/blog\/wp-json\/wp\/v2\/media?parent=224"}],"wp:term":[{"taxonomy":"category","embeddable":true,"href":"https:\/\/www.distritok.com\/blog\/wp-json\/wp\/v2\/categories?post=224"},{"taxonomy":"post_tag","embeddable":true,"href":"https:\/\/www.distritok.com\/blog\/wp-json\/wp\/v2\/tags?post=224"}],"curies":[{"name":"wp","href":"https:\/\/api.w.org\/{rel}","templated":true}]}}