{"id":2815,"date":"2018-05-18T08:30:54","date_gmt":"2018-05-18T06:30:54","guid":{"rendered":"http:\/\/www.distritok.com\/blog\/?p=2815"},"modified":"2024-01-09T11:58:35","modified_gmt":"2024-01-09T10:58:35","slug":"novedades-rgpd-el-derecho-al-olvido","status":"publish","type":"post","link":"https:\/\/www.distritok.com\/blog\/novedades-rgpd-el-derecho-al-olvido\/","title":{"rendered":"Novedades RGPD: El derecho al olvido"},"content":{"rendered":"\n<p>El Reglamento General de Protecci\u00f3n de Datos (RGPD) ampliar\u00e1 el control que los ciudadanos pueden ejercer sobre su informaci\u00f3n personal. En este sentido, en la nueva normativa se incluye la denominaci\u00f3n del derecho al olvido junto al derecho de supresi\u00f3n, que en realidad son dos derechos que ya exist\u00edan bajo la Directiva 95\/46\/ CE y la LOPD.<\/p>\n\n\n\n<p><strong>\u00bfQu\u00e9&nbsp;es el derecho al olvido?<\/strong><\/p>\n\n\n\n<p>El Derecho al olvido es pues, el derecho que tiene toda persona a modificar, cancelar o borrar sus datos personales que est\u00e9n en posesi\u00f3n de terceros (entidades o personas). Esto implica que los usuarios pueden solicitar al responsable del tratamiento de sus datos personales su eliminaci\u00f3n, principalmente cuando la informaci\u00f3n ya no sea necesaria para los fines espec\u00edficos para los que se otorg\u00f3.<\/p>\n\n\n\n<p>Este derecho est\u00e1 pensado para impedir la difusi\u00f3n de informaci\u00f3n personal a trav\u00e9s de Internet y viene regulado en el art\u00edculo 17 del RGPD:<\/p>\n\n\n\n<p><em>El interesado tendr\u00e1 derecho a obtener sin dilaci\u00f3n indebida del responsable del tratamiento la supresi\u00f3n de los datos personales que le conciernan, el cual estar\u00e1 obligado a suprimir sin dilaci\u00f3n indebida los datos personales cuando concurra alguna de las circunstancias siguientes:<\/em><\/p>\n\n\n\n<p><em> a) los datos personales ya no sean necesarios en relaci\u00f3n con los fines para los que fueron recogidos o tratados de otro modo;<\/em><\/p>\n\n\n\n<p><em> b) el interesado retire el consentimiento en que se basa el tratamiento de conformidad con el art\u00edculo 6, apartado 1, letra a), o el art\u00edculo 9, apartado 2, letra a), y este no se base en otro fundamento jur\u00eddico;<\/em><\/p>\n\n\n\n<p><em> c) el interesado se oponga al tratamiento con arreglo al art\u00edculo 21, apartado 1, y no prevalezcan otros motivos leg\u00edtimos para el tratamiento, o el interesado se oponga al tratamiento con arreglo al art\u00edculo 21, apartado 2;<\/em><\/p>\n\n\n\n<p><em> d) los datos personales hayan sido tratados il\u00edcitamente;<\/em><\/p>\n\n\n\n<p><em> e) los datos personales deban suprimirse para el cumplimiento de una obligaci\u00f3n legal establecida en el Derecho de la Uni\u00f3n o de los Estados miembros que se aplique al responsable del tratamiento;<\/em><\/p>\n\n\n\n<p><em> f) los datos personales se hayan obtenido en relaci\u00f3n con la oferta de servicios de la sociedad de la informaci\u00f3n mencionados en el art\u00edculo 8, apartado 1.<\/em><\/p>\n\n\n\n<p><strong>\u00bfQu\u00e9 deben hacer las empresas cuando un usuario ejerce su derecho al olvido?<\/strong><\/p>\n\n\n\n<p>Uno de los conceptos m\u00e1s importantes de la nueva normativa es el de la responsabilidad activa. Seg\u00fan este principio, tanto las empresas como los responsables de ficheros de datos deber\u00e1n aplicar procedimientos que garanticen a los usurarios el control y la seguridad de sus datos, as\u00ed como la capacidad de demostrarlo.<\/p>\n\n\n\n<p>Se indica que el responsable del tratamiento que haya hecho p\u00fablicos datos personales est\u00e1 obligado a indicar a los responsables del tratamiento que est\u00e9n tratando tales datos personales que supriman todo enlace a ellos, o las copias o r\u00e9plicas de tales datos. Esto ha de hacerse a trav\u00e9s de medidas razonables, teniendo en cuenta la tecnolog\u00eda y los medios a su disposici\u00f3n para informar de la solicitud del interesado a los responsables que est\u00e9n tratando los datos personales.<\/p>\n\n\n\n<p>Por \u00faltimo, el apartado 3 del art. 17 enumera las excepciones a la supresi\u00f3n de los datos personales en los t\u00e9rminos anteriores, cuando la necesidad del tratamiento resida en:<\/p>\n\n\n\n<p><em>1. Ejercer el derecho a la libertad de expresi\u00f3n e informaci\u00f3n.<\/em><\/p>\n\n\n\n<p><em> 2. El cumplimiento de una obligaci\u00f3n legal que se aplique al responsable del tratamiento.<\/em><\/p>\n\n\n\n<p><em>3. Tratamiento para el cumplimiento de una misi\u00f3n realizada por inter\u00e9s p\u00fablico o en el ejercicio de los poderes p\u00fablicos.<\/em><\/p>\n\n\n\n<p><em>4. Razones de inter\u00e9s p\u00fablico en el \u00e1mbito de la salud p\u00fablica.<\/em><\/p>\n\n\n\n<p><em>5. Fines de archivo en inter\u00e9s p\u00fablico, fines de investigaci\u00f3n cient\u00edfica o hist\u00f3rica o fines estad\u00edsticos.<\/em><\/p>\n\n\n\n<p><em>6. La formulaci\u00f3n, el ejercicio o la defensa de reclamaciones.<\/em><\/p>\n\n\n\n<p><strong>M\u00e1s informaci\u00f3n<\/strong><\/p>\n\n\n\n<p>Les dejamos un enlace a la p\u00e1gina oficial de la Agencia Espa\u00f1ola de Protecci\u00f3n de Datos con toda la informaci\u00f3n sobre el nuevo reglamento:<\/p>\n\n\n\n<p><a href=\"https:\/\/www.aepd.es\/\">https:\/\/www.aepd.es\/<\/a><\/p>\n","protected":false},"excerpt":{"rendered":"<p>El Reglamento General de Protecci\u00f3n de Datos (RGPD) ampliar\u00e1 el control que los ciudadanos pueden ejercer sobre su informaci\u00f3n personal. En este sentido, en la nueva normativa se incluye la denominaci\u00f3n del derecho al olvido junto al derecho de supresi\u00f3n, que en realidad son dos derechos que ya exist\u00edan bajo la Directiva 95\/46\/ CE y &hellip;<\/p>\n<p class=\"read-more\"> <a class=\"\" href=\"https:\/\/www.distritok.com\/blog\/novedades-rgpd-el-derecho-al-olvido\/\"> <span class=\"screen-reader-text\">Novedades RGPD: El derecho al olvido<\/span> Leer m\u00e1s &raquo;<\/a><\/p>\n","protected":false},"author":1,"featured_media":7839,"comment_status":"open","ping_status":"open","sticky":false,"template":"","format":"standard","meta":{"footnotes":""},"categories":[1],"tags":[569,570],"aioseo_notices":[],"_links":{"self":[{"href":"https:\/\/www.distritok.com\/blog\/wp-json\/wp\/v2\/posts\/2815"}],"collection":[{"href":"https:\/\/www.distritok.com\/blog\/wp-json\/wp\/v2\/posts"}],"about":[{"href":"https:\/\/www.distritok.com\/blog\/wp-json\/wp\/v2\/types\/post"}],"author":[{"embeddable":true,"href":"https:\/\/www.distritok.com\/blog\/wp-json\/wp\/v2\/users\/1"}],"replies":[{"embeddable":true,"href":"https:\/\/www.distritok.com\/blog\/wp-json\/wp\/v2\/comments?post=2815"}],"version-history":[{"count":6,"href":"https:\/\/www.distritok.com\/blog\/wp-json\/wp\/v2\/posts\/2815\/revisions"}],"predecessor-version":[{"id":12812,"href":"https:\/\/www.distritok.com\/blog\/wp-json\/wp\/v2\/posts\/2815\/revisions\/12812"}],"wp:featuredmedia":[{"embeddable":true,"href":"https:\/\/www.distritok.com\/blog\/wp-json\/wp\/v2\/media\/7839"}],"wp:attachment":[{"href":"https:\/\/www.distritok.com\/blog\/wp-json\/wp\/v2\/media?parent=2815"}],"wp:term":[{"taxonomy":"category","embeddable":true,"href":"https:\/\/www.distritok.com\/blog\/wp-json\/wp\/v2\/categories?post=2815"},{"taxonomy":"post_tag","embeddable":true,"href":"https:\/\/www.distritok.com\/blog\/wp-json\/wp\/v2\/tags?post=2815"}],"curies":[{"name":"wp","href":"https:\/\/api.w.org\/{rel}","templated":true}]}}