{"id":2835,"date":"2018-05-25T08:31:41","date_gmt":"2018-05-25T06:31:41","guid":{"rendered":"http:\/\/www.distritok.com\/blog\/?p=2835"},"modified":"2024-01-09T11:58:54","modified_gmt":"2024-01-09T10:58:54","slug":"novedades-rgpd-registro-obligado-de-datos","status":"publish","type":"post","link":"https:\/\/www.distritok.com\/blog\/novedades-rgpd-registro-obligado-de-datos\/","title":{"rendered":"Novedades RGPD: Registro obligado de datos"},"content":{"rendered":"\n<p>Hoy, 25 de mayo, entra en vigor el Reglamento General de Protecci\u00f3n de Datos (RGPD). Este nuevo Reglamento elimina la obligaci\u00f3n de notificar los ficheros ante la Agencia Espa\u00f1ola de Protecci\u00f3n de Datos. En su lugar, se establece la obligaci\u00f3n, en determinados supuestos, de llevar a cabo un <strong>registro de actividades del tratamiento<\/strong>.<\/p>\n\n\n\n<p>El RGPD dispone en su considerando 82 que <em>\u201cpara demostrar la conformidad y cumplimiento del mismo, tanto el responsable como el encargado de tratamiento deben mantener registros de las actividades de tratamiento bajo su responsabilidad\u201d.&nbsp;<\/em>El registro deber\u00e1 constar por escrito,&nbsp;siendo v\u00e1lido tambi\u00e9n en formato electr\u00f3nico, y deber\u00e1 ser puesto a disposici\u00f3n de la autoridad de control que lo solicite.<\/p>\n\n\n\n<p><strong>\u00bfCu\u00e1ndo ser\u00e1 necesario contar con un registro de actividades del tratamiento?<\/strong><\/p>\n\n\n\n<p>Seg\u00fan el art\u00edculo 30 del RGPD, tendr\u00e1n obligaci\u00f3n de contar con un registro de actividades del tratamiento todas aquellas organizaciones responsables del tratamiento que empleen a m\u00e1s de 250 trabajadores, excepto si:<\/p>\n\n\n\n<p><em>\u00b7 El tratamiento, sin ser ocasional, pueda entra\u00f1ar un riesgo para los derechos y libertades del interesado, o<\/em><\/p>\n\n\n\n<p><em>\u00b7 El tratamiento incluya categor\u00edas especiales de datos (origen \u00e9tnico o racial, opiniones pol\u00edticas, convicciones religiosas o filos\u00f3ficas, afiliaci\u00f3n sindical, datos gen\u00e9ticos, datos biom\u00e9tricos para identificar a una persona, datos de salud, vida y orientaci\u00f3n sexual), o<\/em><\/p>\n\n\n\n<p><em>\u00b7 El tratamiento incluya datos relativos a condenas e infracciones penales.<\/em><\/p>\n\n\n\n<p><strong>\u00bfQu\u00e9 informaci\u00f3n debe contener el registro de actividades del tratamiento?<\/strong><\/p>\n\n\n\n<p>El registro de actividades del tratamiento del responsable deber\u00e1 contener la informaci\u00f3n siguiente:<\/p>\n\n\n\n<p><em>\u00b7 El nombre y los datos de contacto del responsable y, en su caso, del corresponsable, del representante del responsable, y del delegado de protecci\u00f3n de datos.<\/em><\/p>\n\n\n\n<p><em>\u00b7 Los fines del tratamiento.<\/em><\/p>\n\n\n\n<p><em>\u00b7 Una descripci\u00f3n de las categor\u00edas de interesados y de las categor\u00edas de datos personales.<\/em><\/p>\n\n\n\n<p><em>\u00b7 Las categor\u00edas de destinatarios a quienes se comunicaron o comunicar\u00e1n los datos personales, incluidos los destinatarios en terceros pa\u00edses u organizaciones internacionales.<\/em><\/p>\n\n\n\n<p><em>\u00b7 En su caso, las transferencias de datos personales a un tercer pa\u00eds o una organizaci\u00f3n internacional, incluida la identificaci\u00f3n de dicho tercer pa\u00eds u organizaci\u00f3n internacional, as\u00ed como la documentaci\u00f3n sobre garant\u00edas adecuadas para determinados casos.<\/em><\/p>\n\n\n\n<p><em>\u00b7 Cuando sea posible, los plazos previstos para la supresi\u00f3n de las diferentes categor\u00edas de datos.<\/em><\/p>\n\n\n\n<p><em>\u00b7 Y cuando sea posible, una descripci\u00f3n general de las medidas t\u00e9cnicas y organizativas de seguridad que el responsable aplique para garantizar la integridad y confidencialidad de los datos.<\/em><\/p>\n\n\n\n<p><strong>M\u00e1s informaci\u00f3n<\/strong><\/p>\n\n\n\n<p>Les dejamos un enlace a la p\u00e1gina oficial de la Agencia Espa\u00f1ola de Protecci\u00f3n de Datos con toda la informaci\u00f3n sobre el nuevo reglamento:<\/p>\n\n\n\n<p><a href=\"https:\/\/www.aepd.es\/\">https:\/\/www.aepd.es\/<\/a><\/p>\n","protected":false},"excerpt":{"rendered":"<p>Hoy, 25 de mayo, entra en vigor el Reglamento General de Protecci\u00f3n de Datos (RGPD). Este nuevo Reglamento elimina la obligaci\u00f3n de notificar los ficheros ante la Agencia Espa\u00f1ola de Protecci\u00f3n de Datos. En su lugar, se establece la obligaci\u00f3n, en determinados supuestos, de llevar a cabo un registro de actividades del tratamiento. El RGPD &hellip;<\/p>\n<p class=\"read-more\"> <a class=\"\" href=\"https:\/\/www.distritok.com\/blog\/novedades-rgpd-registro-obligado-de-datos\/\"> <span class=\"screen-reader-text\">Novedades RGPD: Registro obligado de datos<\/span> Leer m\u00e1s &raquo;<\/a><\/p>\n","protected":false},"author":1,"featured_media":7847,"comment_status":"open","ping_status":"open","sticky":false,"template":"","format":"standard","meta":{"footnotes":""},"categories":[1],"tags":[569,570],"aioseo_notices":[],"_links":{"self":[{"href":"https:\/\/www.distritok.com\/blog\/wp-json\/wp\/v2\/posts\/2835"}],"collection":[{"href":"https:\/\/www.distritok.com\/blog\/wp-json\/wp\/v2\/posts"}],"about":[{"href":"https:\/\/www.distritok.com\/blog\/wp-json\/wp\/v2\/types\/post"}],"author":[{"embeddable":true,"href":"https:\/\/www.distritok.com\/blog\/wp-json\/wp\/v2\/users\/1"}],"replies":[{"embeddable":true,"href":"https:\/\/www.distritok.com\/blog\/wp-json\/wp\/v2\/comments?post=2835"}],"version-history":[{"count":8,"href":"https:\/\/www.distritok.com\/blog\/wp-json\/wp\/v2\/posts\/2835\/revisions"}],"predecessor-version":[{"id":12813,"href":"https:\/\/www.distritok.com\/blog\/wp-json\/wp\/v2\/posts\/2835\/revisions\/12813"}],"wp:featuredmedia":[{"embeddable":true,"href":"https:\/\/www.distritok.com\/blog\/wp-json\/wp\/v2\/media\/7847"}],"wp:attachment":[{"href":"https:\/\/www.distritok.com\/blog\/wp-json\/wp\/v2\/media?parent=2835"}],"wp:term":[{"taxonomy":"category","embeddable":true,"href":"https:\/\/www.distritok.com\/blog\/wp-json\/wp\/v2\/categories?post=2835"},{"taxonomy":"post_tag","embeddable":true,"href":"https:\/\/www.distritok.com\/blog\/wp-json\/wp\/v2\/tags?post=2835"}],"curies":[{"name":"wp","href":"https:\/\/api.w.org\/{rel}","templated":true}]}}