{"id":4476,"date":"2020-05-05T08:50:42","date_gmt":"2020-05-05T06:50:42","guid":{"rendered":"https:\/\/www.distritok.com\/blog\/?p=4476"},"modified":"2021-11-05T14:16:42","modified_gmt":"2021-11-05T13:16:42","slug":"como-hacer-el-registro-de-jornada-en-teletrabajo-ante-el-covid-19","status":"publish","type":"post","link":"https:\/\/www.distritok.com\/blog\/como-hacer-el-registro-de-jornada-en-teletrabajo-ante-el-covid-19\/","title":{"rendered":"\u00bfC\u00f3mo hacer el registro de jornada en teletrabajo ante el COVID-19?"},"content":{"rendered":"\n<p>Desde que entr\u00f3 en vigor el <a href=\"https:\/\/www.boe.es\/buscar\/doc.php?id=BOE-A-2019-3481\">Real Decreto-ley 8\/2019, de 8 de marzo, de Medidas Urgentes de Protecci\u00f3n Social y de Lucha contra la Precariedad Laboral en la Jornada de Trabajo<\/a>, todas las empresas deben llevar un registro de la jornada laboral de sus trabajadores y guardar los registros durante un m\u00ednimo de 4 a\u00f1os.<\/p>\n\n\n\n<p>En la situaci\u00f3n actual, desde la declaraci\u00f3n del Estado de Alarma, <a href=\"https:\/\/www.boe.es\/boe\/dias\/2020\/03\/18\/pdfs\/BOE-A-2020-3824.pdf\">el gobierno ha publicado algunas medidas para evitar que el virus SARS-CoV-2 se siga expandiendo<\/a> y ahora mismo, se deber\u00e1 hacer todo lo posible para que los trabajadores trabajen desde casa y no tengan que desplazarse. Pero es importante saber que para el teletrabajo existen las mismas normas que en la oficina. Eso incluye por supuesto el registro horario.<\/p>\n\n\n\n<p>Muchas empresas tienen dudas acerca de c\u00f3mo llevar el registro horario en estas circunstancias, por eso desde Distrito K, para facilitar la gesti\u00f3n eficaz de esta situaci\u00f3n, <strong>le informamos de las diferentes posibilidades que ofrecemos para cumplir esta obligaci\u00f3n<\/strong>.<\/p>\n\n\n\n<p>Los trabajadores pueden fichar en remoto desde nuestro ERP <a href=\"https:\/\/www.distritok.com\/aplicaciones\/programa-de-gestion\/control-presencia\/#identificacioncontrolpresencia\">mediante un sistema PIN<\/a> o bien a trav\u00e9s de cualquier dispositivo m\u00f3vil <a href=\"https:\/\/www.distritok.com\/aplicaciones\/mpyme\/#mpymecontrolpresencia\">mediante mPYME Control de presencia<\/a>. Esta \u00faltima opci\u00f3n es especialmente \u00fatil para comerciales, repartidores o servicios t\u00e9cnicos que ya trabajan de forma habitual desde m\u00f3viles, tablets o PDAS.<\/p>\n\n\n\n<p><strong>Estas dos opciones le permiten cumplir con la normativa de registro de jornada de sus empleados desde cualquier ubicaci\u00f3n<\/strong>, pudiendo consultar toda la informaci\u00f3n desde el programa de gesti\u00f3n; contribuyendo tambi\u00e9n a la contenci\u00f3n del Covid-19, ya que adem\u00e1s de evitar desplazamientos, se aumentan las medidas de higiene evitando que los trabajadores fichen con la huella tocando el detector.<\/p>\n\n\n\n<figure class=\"wp-block-image is-resized\"><a href=\"https:\/\/www.distritok.com\/aplicaciones\/mpyme\/\"><img loading=\"lazy\" decoding=\"async\" src=\"https:\/\/www.distritok.com\/blog\/wp-content\/uploads\/2021\/10\/banner-descarga-mpyme.png\" alt=\"mPYME m\u00e1s informaci\u00f3n\" class=\"wp-image-7323\" width=\"640\" height=\"200\" srcset=\"https:\/\/www.distritok.com\/blog\/wp-content\/uploads\/2021\/10\/banner-descarga-mpyme.png 640w, https:\/\/www.distritok.com\/blog\/wp-content\/uploads\/2021\/10\/banner-descarga-mpyme-300x94.png 300w\" sizes=\"(max-width: 640px) 100vw, 640px\" \/><\/a><\/figure>\n","protected":false},"excerpt":{"rendered":"<p>Desde que entr\u00f3 en vigor el Real Decreto-ley 8\/2019, de 8 de marzo, de Medidas Urgentes de Protecci\u00f3n Social y de Lucha contra la Precariedad Laboral en la Jornada de Trabajo, todas las empresas deben llevar un registro de la jornada laboral de sus trabajadores y guardar los registros durante un m\u00ednimo de 4 a\u00f1os. &hellip;<\/p>\n<p class=\"read-more\"> <a class=\"\" href=\"https:\/\/www.distritok.com\/blog\/como-hacer-el-registro-de-jornada-en-teletrabajo-ante-el-covid-19\/\"> <span class=\"screen-reader-text\">\u00bfC\u00f3mo hacer el registro de jornada en teletrabajo ante el COVID-19?<\/span> Leer m\u00e1s &raquo;<\/a><\/p>\n","protected":false},"author":1,"featured_media":4477,"comment_status":"open","ping_status":"closed","sticky":false,"template":"","format":"standard","meta":{"footnotes":""},"categories":[523,470,1],"tags":[36,497,555,514,209,728],"aioseo_notices":[],"_links":{"self":[{"href":"https:\/\/www.distritok.com\/blog\/wp-json\/wp\/v2\/posts\/4476"}],"collection":[{"href":"https:\/\/www.distritok.com\/blog\/wp-json\/wp\/v2\/posts"}],"about":[{"href":"https:\/\/www.distritok.com\/blog\/wp-json\/wp\/v2\/types\/post"}],"author":[{"embeddable":true,"href":"https:\/\/www.distritok.com\/blog\/wp-json\/wp\/v2\/users\/1"}],"replies":[{"embeddable":true,"href":"https:\/\/www.distritok.com\/blog\/wp-json\/wp\/v2\/comments?post=4476"}],"version-history":[{"count":9,"href":"https:\/\/www.distritok.com\/blog\/wp-json\/wp\/v2\/posts\/4476\/revisions"}],"predecessor-version":[{"id":8255,"href":"https:\/\/www.distritok.com\/blog\/wp-json\/wp\/v2\/posts\/4476\/revisions\/8255"}],"wp:featuredmedia":[{"embeddable":true,"href":"https:\/\/www.distritok.com\/blog\/wp-json\/wp\/v2\/media\/4477"}],"wp:attachment":[{"href":"https:\/\/www.distritok.com\/blog\/wp-json\/wp\/v2\/media?parent=4476"}],"wp:term":[{"taxonomy":"category","embeddable":true,"href":"https:\/\/www.distritok.com\/blog\/wp-json\/wp\/v2\/categories?post=4476"},{"taxonomy":"post_tag","embeddable":true,"href":"https:\/\/www.distritok.com\/blog\/wp-json\/wp\/v2\/tags?post=4476"}],"curies":[{"name":"wp","href":"https:\/\/api.w.org\/{rel}","templated":true}]}}