{"id":5508,"date":"2020-11-12T08:50:48","date_gmt":"2020-11-12T07:50:48","guid":{"rendered":"https:\/\/www.distritok.com\/blog\/?p=5508"},"modified":"2021-12-02T12:59:56","modified_gmt":"2021-12-02T11:59:56","slug":"que-es-el-black-friday","status":"publish","type":"post","link":"https:\/\/www.distritok.com\/blog\/que-es-el-black-friday\/","title":{"rendered":"\u00bfQu\u00e9 es el Black Friday?"},"content":{"rendered":"\n<p>El Black Friday o viernes negro es una tradici\u00f3n originaria de Estados unidos que data de los a\u00f1os 60, en los que el intenso tr\u00e1fico en la ciudad de Filadelfia y el movimiento de gente, abarrotaba las calles al d\u00eda siguiente de Acci\u00f3n de Gracias y originaba un movimiento importante del comercio, debido a las rebajas que se produc\u00edan en esas fechas.<\/p>\n\n\n\n<p>A partir de ah\u00ed, pas\u00f3 a celebrarse el primer viernes despu\u00e9s de Acci\u00f3n de Gracias, hasta nuestros d\u00edas, donde <strong>ha adquirido una popularidad muy importante, gracias a las rebajas y descuentos que se realizan por parte de empresas, comercio, grandes superficies, etc. y que dan el pistoletazo de salida a las compras navide\u00f1as, ya que supone una gran oportunidad para conseguir los mejores precios y un ahorro importante en la lista de regalos.<\/strong><\/p>\n\n\n\n<p>En Espa\u00f1a, una cadena de distribuci\u00f3n de electr\u00f3nica y electrodom\u00e9sticos, lo populariz\u00f3 en 2012, lo que anim\u00f3 a todo tipo de empresas y servicios a sumarse a esta campa\u00f1a para conseguir nuevos clientes y aumentar notablemente sus ventas en esos d\u00edas.<\/p>\n\n\n\n<p>Actualmente el Black Friday, ya no solo es el \u00faltimo viernes de noviembre, sino que se extiende al fin de semana o incluso a la semana completa.<\/p>\n\n\n\n<p>Incluso y cada vez con m\u00e1s fuerza al Black Friday se le une el Cyber Monday, dedicando descuentos y ofertas en electr\u00f3nica, dom\u00f3tica, electrodom\u00e9sticos, pero que cada vez coge m\u00e1s fuerza en otros sectores y que se celebra el lunes posterior al Black Friday, alargando la campa\u00f1a de ofertas y animando al comprador a realizar sus adquisiciones en estas fechas, lo que supone para la econom\u00eda de muchas empresas una inyecci\u00f3n importante de ventas.<\/p>\n\n\n\n<p>Teniendo en cuenta esto, <strong>hay que dotar a la empresa de un sistema que le permita poder realizar campa\u00f1as comerciales, rebajas temporales, tarifas, ofertas y descuentos y que controle todos estos movimientos a nivel de compras y ventas y, por supuesto, en tesorer\u00eda<\/strong>. Por eso en Distrito K hemos desarrollado el mejor sistema de gesti\u00f3n comercial del mercado, gracias a los m\u00e1s de 25 a\u00f1os de experiencia en programaci\u00f3n de ERP y a los \u00faltimos avances que incorporamos a nuestros sistemas.<\/p>\n\n\n\n<p>Nuestras soluciones siempre a la vanguardia del mercado, para dar toda la cobertura necesaria nuestros clientes m\u00e1s exigentes.<\/p>\n","protected":false},"excerpt":{"rendered":"<p>El Black Friday o viernes negro es una tradici\u00f3n originaria de Estados unidos que data de los a\u00f1os 60, en los que el intenso tr\u00e1fico en la ciudad de Filadelfia y el movimiento de gente, abarrotaba las calles al d\u00eda siguiente de Acci\u00f3n de Gracias y originaba un movimiento importante del comercio, debido a las &hellip;<\/p>\n<p class=\"read-more\"> <a class=\"\" href=\"https:\/\/www.distritok.com\/blog\/que-es-el-black-friday\/\"> <span class=\"screen-reader-text\">\u00bfQu\u00e9 es el Black Friday?<\/span> Leer m\u00e1s &raquo;<\/a><\/p>\n","protected":false},"author":1,"featured_media":8635,"comment_status":"open","ping_status":"closed","sticky":false,"template":"","format":"standard","meta":{"footnotes":""},"categories":[523],"tags":[36,796,718],"aioseo_notices":[],"_links":{"self":[{"href":"https:\/\/www.distritok.com\/blog\/wp-json\/wp\/v2\/posts\/5508"}],"collection":[{"href":"https:\/\/www.distritok.com\/blog\/wp-json\/wp\/v2\/posts"}],"about":[{"href":"https:\/\/www.distritok.com\/blog\/wp-json\/wp\/v2\/types\/post"}],"author":[{"embeddable":true,"href":"https:\/\/www.distritok.com\/blog\/wp-json\/wp\/v2\/users\/1"}],"replies":[{"embeddable":true,"href":"https:\/\/www.distritok.com\/blog\/wp-json\/wp\/v2\/comments?post=5508"}],"version-history":[{"count":4,"href":"https:\/\/www.distritok.com\/blog\/wp-json\/wp\/v2\/posts\/5508\/revisions"}],"predecessor-version":[{"id":7373,"href":"https:\/\/www.distritok.com\/blog\/wp-json\/wp\/v2\/posts\/5508\/revisions\/7373"}],"wp:featuredmedia":[{"embeddable":true,"href":"https:\/\/www.distritok.com\/blog\/wp-json\/wp\/v2\/media\/8635"}],"wp:attachment":[{"href":"https:\/\/www.distritok.com\/blog\/wp-json\/wp\/v2\/media?parent=5508"}],"wp:term":[{"taxonomy":"category","embeddable":true,"href":"https:\/\/www.distritok.com\/blog\/wp-json\/wp\/v2\/categories?post=5508"},{"taxonomy":"post_tag","embeddable":true,"href":"https:\/\/www.distritok.com\/blog\/wp-json\/wp\/v2\/tags?post=5508"}],"curies":[{"name":"wp","href":"https:\/\/api.w.org\/{rel}","templated":true}]}}