{"id":9591,"date":"2022-03-18T08:50:06","date_gmt":"2022-03-18T07:50:06","guid":{"rendered":"https:\/\/www.distritok.com\/blog\/?p=9591"},"modified":"2022-03-11T14:00:18","modified_gmt":"2022-03-11T13:00:18","slug":"interesante-novedad-regimen-agrario-en-sql-conta","status":"publish","type":"post","link":"https:\/\/www.distritok.com\/blog\/interesante-novedad-regimen-agrario-en-sql-conta\/","title":{"rendered":"Interesante novedad: R\u00e9gimen agrario en SQL Conta"},"content":{"rendered":"\n<p>La Ley 28\/2011 dictamin\u00f3 que quedaron\nintegrados en el R\u00e9gimen General de la Seguridad Social desde el 1 de enero de\n2012, los trabajadores por cuenta ajena que figurasen incluidos en el R\u00e9gimen\nEspecial Agrario de la Seguridad Social a 31 de diciembre de 2011, mediante la\ncreaci\u00f3n de un sistema especial, as\u00ed como los empresarios a los que presten sus\nservicios.<\/p>\n\n\n\n<p>En esta ley tambi\u00e9n se integraron los trabajadores\npor cuenta ajena que realizasen labores agrarias, agr\u00edcolas, forestales o\npecuarias, complementarias o auxiliares de las mismas en explotaciones\nagrarias, as\u00ed como los empresarios prestasen sus servicios.<\/p>\n\n\n\n<p>Esta cotizaci\u00f3n correspondiente a los\ntrabajadores agrarios por cuenta ajena y a los empresarios que presten sus\nservicios se rige por la normativa vigente en el R\u00e9gimen General de la\nSeguridad Social, con las siguientes particularidades: A efectos de cotizaci\u00f3n\na la Seguridad Social en el Sistema Especial para Trabajadores por Cuenta Ajena\nAgrarios, se distinguir\u00e1 entre los per\u00edodos de actividad y de inactividad.<\/p>\n\n\n\n<p>En nuestro ERP de gesti\u00f3n cuando se hace una\nfactura con el r\u00e9gimen de agricultura y pesca, realiza la misma con el IRPF\nsobre el total del documento (Base + IVA) y, de esta manera, lo enlaza con la\ncontabilidad.<\/p>\n\n\n\n<p><strong>Hasta ahora en SQL Conta el IRPF lo realizaba sobre la base (como si fuera una factura normal), no sobre el total de Base +IVA, por lo que hemos mejorado y dado esta posibilidad al ERP de contabilidad, replicando la configuraci\u00f3n de R\u00e9gimen agrario que hay en SQL Pyme en SQL Conta:<\/strong><\/p>\n\n\n\n<ul><li>A\u00f1adimos check \u00abR\u00e9gimen agrario\u00bb en empresa.<\/li><li>A\u00f1adimos check \u00abR\u00e9gimen agrario\u00bb en anagr\u00e1ficos.<\/li><\/ul>\n\n\n\n<p>Al hacer asiento manualmente (o puntear IVA) y calcular el registro de IVA para facturas de soportado con r\u00e9gimen agrario en cuenta contrapartida, o facturas de repercutido con r\u00e9gimen agrario en empresa, se calcular\u00e1 como base de retenci\u00f3n la base imponible + cuota IVA + cuota recargo equivalencia. Al igual que hace SQL Pyme al enlazar con SQL Conta o hacer c\u00e1lculo de base IRPF de una factura. <\/p>\n\n\n\n<p>Continuamos avanzando para dar cobertura y utilidades a todos nuestros clientes y funcionalidades a todos los sectores. <\/p>\n\n\n\n<figure class=\"wp-block-image is-resized\"><a href=\"https:\/\/www.distritok.com\/aplicaciones\/programa-de-contabilidad\/\"><img loading=\"lazy\" decoding=\"async\" src=\"https:\/\/www.distritok.com\/blog\/wp-content\/uploads\/2021\/10\/banner-descarga-conta.png\" alt=\"Programa de contabilidad\" class=\"wp-image-7158\" width=\"640\" height=\"200\" srcset=\"https:\/\/www.distritok.com\/blog\/wp-content\/uploads\/2021\/10\/banner-descarga-conta.png 640w, https:\/\/www.distritok.com\/blog\/wp-content\/uploads\/2021\/10\/banner-descarga-conta-300x94.png 300w\" sizes=\"(max-width: 640px) 100vw, 640px\" \/><\/a><\/figure>\n","protected":false},"excerpt":{"rendered":"<p>La Ley 28\/2011 dictamin\u00f3 que quedaron integrados en el R\u00e9gimen General de la Seguridad Social desde el 1 de enero de 2012, los trabajadores por cuenta ajena que figurasen incluidos en el R\u00e9gimen Especial Agrario de la Seguridad Social a 31 de diciembre de 2011, mediante la creaci\u00f3n de un sistema especial, as\u00ed como los &hellip;<\/p>\n<p class=\"read-more\"> <a class=\"\" href=\"https:\/\/www.distritok.com\/blog\/interesante-novedad-regimen-agrario-en-sql-conta\/\"> <span class=\"screen-reader-text\">Interesante novedad: R\u00e9gimen agrario en SQL Conta<\/span> Leer m\u00e1s &raquo;<\/a><\/p>\n","protected":false},"author":1,"featured_media":9592,"comment_status":"closed","ping_status":"closed","sticky":false,"template":"","format":"standard","meta":{"footnotes":""},"categories":[770],"tags":[814,194],"aioseo_notices":[],"_links":{"self":[{"href":"https:\/\/www.distritok.com\/blog\/wp-json\/wp\/v2\/posts\/9591"}],"collection":[{"href":"https:\/\/www.distritok.com\/blog\/wp-json\/wp\/v2\/posts"}],"about":[{"href":"https:\/\/www.distritok.com\/blog\/wp-json\/wp\/v2\/types\/post"}],"author":[{"embeddable":true,"href":"https:\/\/www.distritok.com\/blog\/wp-json\/wp\/v2\/users\/1"}],"replies":[{"embeddable":true,"href":"https:\/\/www.distritok.com\/blog\/wp-json\/wp\/v2\/comments?post=9591"}],"version-history":[{"count":2,"href":"https:\/\/www.distritok.com\/blog\/wp-json\/wp\/v2\/posts\/9591\/revisions"}],"predecessor-version":[{"id":9594,"href":"https:\/\/www.distritok.com\/blog\/wp-json\/wp\/v2\/posts\/9591\/revisions\/9594"}],"wp:featuredmedia":[{"embeddable":true,"href":"https:\/\/www.distritok.com\/blog\/wp-json\/wp\/v2\/media\/9592"}],"wp:attachment":[{"href":"https:\/\/www.distritok.com\/blog\/wp-json\/wp\/v2\/media?parent=9591"}],"wp:term":[{"taxonomy":"category","embeddable":true,"href":"https:\/\/www.distritok.com\/blog\/wp-json\/wp\/v2\/categories?post=9591"},{"taxonomy":"post_tag","embeddable":true,"href":"https:\/\/www.distritok.com\/blog\/wp-json\/wp\/v2\/tags?post=9591"}],"curies":[{"name":"wp","href":"https:\/\/api.w.org\/{rel}","templated":true}]}}