{"id":9690,"date":"2022-04-21T08:50:13","date_gmt":"2022-04-21T06:50:13","guid":{"rendered":"https:\/\/www.distritok.com\/blog\/?p=9690"},"modified":"2022-04-21T09:06:15","modified_gmt":"2022-04-21T07:06:15","slug":"nuevos-cambios-actualizacion-libros-de-registro-de-iva-e-irpf","status":"publish","type":"post","link":"https:\/\/www.distritok.com\/blog\/nuevos-cambios-actualizacion-libros-de-registro-de-iva-e-irpf\/","title":{"rendered":"Nuevos cambios: actualizaci\u00f3n libros de registro de IVA e IRPF"},"content":{"rendered":"\n<p>Como siempre, <strong>seguimos trabajando y mejorando, por ello hemos adaptado la exportaci\u00f3n de Libros de registro de IVA e IRPF a la versi\u00f3n 3.7 del formato electr\u00f3nico para requerimientos de la AEAT <\/strong>(confeccionar rendimientos de las actividades econ\u00f3micas en estimaci\u00f3n directa con renta web o confeccionar la declaraci\u00f3n-liquidaci\u00f3n del IVA del 303).<\/p>\n\n\n\n<p>Estas adaptaciones comienzan por modificar\npara que si un registro IVA tiene bases imponibles cero pero con % IVA distinto\nde cero, exporte ese % IVA ya que se estaba exportando 0 como % IVA si s\u00f3lo\nten\u00eda esa base imponible.<\/p>\n\n\n\n<p>En libro de registro de IVA e IRPF, a partir\nde ahora se exportar\u00e1 un registro por cada base imponible distinto de 0 o % IVA\ndistinto de 0 de cada factura.<\/p>\n\n\n\n<p>Si una factura tiene todas las bases\nimponibles 0 (y % IVA 0) se exportar\u00e1 un s\u00f3lo registro.<\/p>\n\n\n\n<p>As\u00ed nos adaptamos a cambios de #14814 para\nenv\u00edo al SII (enviar el porcentaje de IVA y no 0 como porcentaje de IVA cuando\nla base imponible es 0) y que en diario se permite cambiar el porcentaje de IVA\ncuando la base imponible es cero.<\/p>\n\n\n\n<p>A partir de ahora, la actividad se desglosa en\nc\u00f3digo (1), tipo (2) y ep\u00edgrafe (4) seg\u00fan nueva nomenclatura (a utilizar en\nfuturo en otros modelos como 390) en vez de como hasta ahora que era un tipo\n(1) y un grupo\/ep\u00edgrafe IAE (4 caracteres).<\/p>\n\n\n\n<p>Adem\u00e1s se adaptan las facturas expedidas:<\/p>\n\n\n\n<p>Cambian valores de campo Clave operaci\u00f3n\n(hasta ahora s\u00f3lo iba 07 si era factura de criterio de caja).<\/p>\n\n\n\n<p>Nuevos campos:<\/p>\n\n\n\n<ul><li>Calificaci\u00f3n de la operaci\u00f3n: Este y el siguiente son nuevas claves (que van combinadas con Clave operaci\u00f3n).<\/li><li>Operaci\u00f3n exenta.<\/li><li>Registro acuerdo facturaci\u00f3n: (No soportaremos. Mandaremos vac\u00edo) N\u00famero de registro de acuerdo cuando se tenga una autorizaci\u00f3n de simplificaci\u00f3n en materia de facturaci\u00f3n.<\/li><\/ul>\n\n\n\n<p>Y las facturas recibidas:<\/p>\n\n\n\n<p>Cambian valores de campo Clave operaci\u00f3n\n(hasta ahora s\u00f3lo iba 07 si era factura de criterio de caja o 02 para\nagricultura).<\/p>\n\n\n\n<p>Nuevos campos:<\/p>\n\n\n\n<ul><li>Bien de inversi\u00f3n: Este y el siguiente son nuevas claves (que van combinadas con Clave operaci\u00f3n).<\/li><li>Inversi\u00f3n del sujeto pasivo:<\/li><li>Deducible en periodo posterior: Similar al campo del SII que metieron en versiones nuevas y que tampoco soportamos.<\/li><li>Periodo deducci\u00f3n (ejercicio&nbsp; y periodo) Relacionado con anterior<\/li><li>Registro acuerdo facturaci\u00f3n: (No soportaremos. Mandaremos vac\u00edo) N\u00famero de registro de acuerdo cuando se tenga una autorizaci\u00f3n de simplificaci\u00f3n en materia de facturaci\u00f3n.<\/li><\/ul>\n\n\n\n<figure class=\"wp-block-image is-resized\"><a href=\"https:\/\/www.distritok.com\/aplicaciones\/programa-de-contabilidad\/\"><img loading=\"lazy\" decoding=\"async\" src=\"https:\/\/www.distritok.com\/blog\/wp-content\/uploads\/2021\/10\/banner-descarga-conta.png\" alt=\"Programa de contabilidad\" class=\"wp-image-7158\" width=\"640\" height=\"200\" srcset=\"https:\/\/www.distritok.com\/blog\/wp-content\/uploads\/2021\/10\/banner-descarga-conta.png 640w, https:\/\/www.distritok.com\/blog\/wp-content\/uploads\/2021\/10\/banner-descarga-conta-300x94.png 300w\" sizes=\"(max-width: 640px) 100vw, 640px\" \/><\/a><\/figure>\n","protected":false},"excerpt":{"rendered":"<p>Como siempre, seguimos trabajando y mejorando, por ello hemos adaptado la exportaci\u00f3n de Libros de registro de IVA e IRPF a la versi\u00f3n 3.7 del formato electr\u00f3nico para requerimientos de la AEAT (confeccionar rendimientos de las actividades econ\u00f3micas en estimaci\u00f3n directa con renta web o confeccionar la declaraci\u00f3n-liquidaci\u00f3n del IVA del 303). Estas adaptaciones comienzan &hellip;<\/p>\n<p class=\"read-more\"> <a class=\"\" href=\"https:\/\/www.distritok.com\/blog\/nuevos-cambios-actualizacion-libros-de-registro-de-iva-e-irpf\/\"> <span class=\"screen-reader-text\">Nuevos cambios: actualizaci\u00f3n libros de registro de IVA e IRPF<\/span> Leer m\u00e1s &raquo;<\/a><\/p>\n","protected":false},"author":1,"featured_media":9693,"comment_status":"closed","ping_status":"closed","sticky":false,"template":"","format":"standard","meta":{"footnotes":""},"categories":[770,15],"tags":[4,122,331],"aioseo_notices":[],"_links":{"self":[{"href":"https:\/\/www.distritok.com\/blog\/wp-json\/wp\/v2\/posts\/9690"}],"collection":[{"href":"https:\/\/www.distritok.com\/blog\/wp-json\/wp\/v2\/posts"}],"about":[{"href":"https:\/\/www.distritok.com\/blog\/wp-json\/wp\/v2\/types\/post"}],"author":[{"embeddable":true,"href":"https:\/\/www.distritok.com\/blog\/wp-json\/wp\/v2\/users\/1"}],"replies":[{"embeddable":true,"href":"https:\/\/www.distritok.com\/blog\/wp-json\/wp\/v2\/comments?post=9690"}],"version-history":[{"count":2,"href":"https:\/\/www.distritok.com\/blog\/wp-json\/wp\/v2\/posts\/9690\/revisions"}],"predecessor-version":[{"id":9694,"href":"https:\/\/www.distritok.com\/blog\/wp-json\/wp\/v2\/posts\/9690\/revisions\/9694"}],"wp:featuredmedia":[{"embeddable":true,"href":"https:\/\/www.distritok.com\/blog\/wp-json\/wp\/v2\/media\/9693"}],"wp:attachment":[{"href":"https:\/\/www.distritok.com\/blog\/wp-json\/wp\/v2\/media?parent=9690"}],"wp:term":[{"taxonomy":"category","embeddable":true,"href":"https:\/\/www.distritok.com\/blog\/wp-json\/wp\/v2\/categories?post=9690"},{"taxonomy":"post_tag","embeddable":true,"href":"https:\/\/www.distritok.com\/blog\/wp-json\/wp\/v2\/tags?post=9690"}],"curies":[{"name":"wp","href":"https:\/\/api.w.org\/{rel}","templated":true}]}}